{"id":541107,"date":"2021-09-08T14:58:09","date_gmt":"2021-09-08T12:58:09","guid":{"rendered":"https:\/\/www.ivg.it\/?p=541107"},"modified":"2021-09-08T15:00:23","modified_gmt":"2021-09-08T13:00:23","slug":"cluster-santa-corona-tre-infermieri-positivi-dopo-la-festa-ecco-lesito-dei-tamponi","status":"publish","type":"post","link":"https:\/\/staging.ivg.it\/2021\/09\/cluster-santa-corona-tre-infermieri-positivi-dopo-la-festa-ecco-lesito-dei-tamponi\/","title":{"rendered":"Cluster Santa Corona, tre infermieri positivi dopo la festa: ecco l&#8217;esito dei tamponi"},"content":{"rendered":"<p><strong>Pietra Ligure<\/strong>. Sale a quota 3 il numero di <a href=\"https:\/\/www.ivg.it\/2021\/09\/festa-tra-colleghi-fuori-dallospedale-porta-lincubo-covid-al-santa-corona-due-infermieri-positivi\/\">positivi all&#8217;ospedale Santa Corona di Pietra Ligure<\/a>. E&#8217; il risultato dei tamponi a cui sono stati sottoposti 51 inferieri (derivanti anche dall&#8217;attivit\u00e0 di tracciamento dei colleghi) e solo 3 (compresi i 2 risultati positivi per primi) sono risultati contagiati dal Covid.<\/p>\n<p>Due dipendenti (vaccinati) del nosocomio pietrese &#8211; secondo alcune voci dopo una festa per un pensionamento &#8211; sono risultati positivi al Coronavirus. Dalla positivit\u00e0 del primo tampone \u00e8 iniziata l&#8217;attivit\u00e0 di tracciamento dei contatti per verificare l&#8217;eventuale presenza di un cluster. &#8220;Tre positivit\u00e0 su 51 persone testate &#8211; spiegano da Asl2 &#8211; \u00e8 in media con la copertura garantita dal vaccino&#8221;.<\/p>\n<p>E&#8217; previsto un altro tampone la prossima settimana, per rispettare i 14 giorni. In attesa del risultato del secondo tampone, come \u00e8 successo per il primo, i dipendenti vaccinati e muniti di dispositivi di protezione individuale hanno prestato servizio seguendo i normali turni finch\u00e9 non viene riscontrata la positivit\u00e0 lavorare come previsto dalle linee guida (disposizioni del ministero della salute del 11\/08\/2021).<\/p>\n","protected":false},"excerpt":{"rendered":"<p>Il tracciamento \u00e8 iniziato dopo la positivit\u00e0 di uno dei partecipanti a una festa<\/p>\n","protected":false},"author":20734,"featured_media":0,"comment_status":"open","ping_status":"closed","sticky":false,"template":"","format":"standard","meta":{"footnotes":""},"categories":[45296,34],"tags":[113785],"class_list":["post-541107","post","type-post","status-publish","format-standard","hentry","category-copertina","category-cronaca","tag-covid","post_cat_citta-pietra-ligure"],"amp_validity":null,"amp_enabled":true,"_links":{"self":[{"href":"https:\/\/staging.ivg.it\/ediapi\/wp\/v2\/posts\/541107","targetHints":{"allow":["GET"]}}],"collection":[{"href":"https:\/\/staging.ivg.it\/ediapi\/wp\/v2\/posts"}],"about":[{"href":"https:\/\/staging.ivg.it\/ediapi\/wp\/v2\/types\/post"}],"author":[{"embeddable":true,"href":"https:\/\/staging.ivg.it\/ediapi\/wp\/v2\/users\/20734"}],"replies":[{"embeddable":true,"href":"https:\/\/staging.ivg.it\/ediapi\/wp\/v2\/comments?post=541107"}],"version-history":[{"count":0,"href":"https:\/\/staging.ivg.it\/ediapi\/wp\/v2\/posts\/541107\/revisions"}],"wp:attachment":[{"href":"https:\/\/staging.ivg.it\/ediapi\/wp\/v2\/media?parent=541107"}],"wp:term":[{"taxonomy":"category","embeddable":true,"href":"https:\/\/staging.ivg.it\/ediapi\/wp\/v2\/categories?post=541107"},{"taxonomy":"post_tag","embeddable":true,"href":"https:\/\/staging.ivg.it\/ediapi\/wp\/v2\/tags?post=541107"}],"curies":[{"name":"wp","href":"https:\/\/api.w.org\/{rel}","templated":true}]}}