{"id":540993,"date":"2021-09-07T15:31:15","date_gmt":"2021-09-07T13:31:15","guid":{"rendered":"https:\/\/www.ivg.it\/?p=540993"},"modified":"2021-09-07T16:41:01","modified_gmt":"2021-09-07T14:41:01","slug":"vaccinazione-ad-alassio-riaperte-le-prenotazioni-per-moderna-e-pfizer","status":"publish","type":"post","link":"https:\/\/staging.ivg.it\/2021\/09\/vaccinazione-ad-alassio-riaperte-le-prenotazioni-per-moderna-e-pfizer\/","title":{"rendered":"Vaccinazione, ad Alassio riaperte le prenotazioni per Moderna e Pfizer"},"content":{"rendered":"<p><strong>Alassio<\/strong>. Oggi e domani, dalle 10 fino alle 17 \u00e8 possibile recarsi presso il centro medico di Alassio Salute per ricevere la prima o la seconda dose dei vaccini Moderna o Pfizer.<\/p>\n<p>&#8220;Non serve appuntamento &#8211; spiega lo stesso Francesco Bogliolo, responsabile dell&#8217;hub vaccinale di via della Chiusetta &#8211; ed \u00e8 aperto a tutti, qualsiasi et\u00e0 e provenienza. Da domani, invece, sul sito prenotovaccino.regione.liguria.it (24 ore su 24) sar\u00e0 possibile prenotare il proprio appuntamento per le giornate di marted\u00ec 14 e mercoled\u00ec 15 settembre. Si tratta delle seconde dosi dei due open night del 12 e del 15 agosto. In allora effettuammo circa 350 inoculazioni, con ogni probabilit\u00e0, trattandosi in molti casi di turisti, registreremo un calo. Spero per\u00f2 che ci siamo molti ragazzi e ragazze, maggiori di 12 anni, in vista della riapertura della scuola&#8221;.<\/p>\n<p>&#8220;Ancora una volta il centro medico di Alassio Salute &#8211; aggiunge Fabio Macheda, assessore alle politiche sanitarie del Comune &#8211; \u00e8 in prima fila nella campagna vaccinale. Dieci medici, quattro segretarie amministrative, infermiere, e i numerosi volontari della protezione civile ormai da mesi sono al servizio della comunit\u00e0 nella lotta all&#8217;emergenza sanitaria&#8221;.<\/p>\n","protected":false},"excerpt":{"rendered":"<p>Presso il centro medico di Alassio Salute<\/p>\n","protected":false},"author":18838,"featured_media":0,"comment_status":"open","ping_status":"closed","sticky":false,"template":"","format":"standard","meta":{"footnotes":""},"categories":[56],"tags":[113785,117581],"class_list":["post-540993","post","type-post","status-publish","format-standard","hentry","category-altre","tag-covid","tag-vaccinazione-covid","post_cat_citta-alassio"],"amp_validity":null,"amp_enabled":true,"_links":{"self":[{"href":"https:\/\/staging.ivg.it\/ediapi\/wp\/v2\/posts\/540993","targetHints":{"allow":["GET"]}}],"collection":[{"href":"https:\/\/staging.ivg.it\/ediapi\/wp\/v2\/posts"}],"about":[{"href":"https:\/\/staging.ivg.it\/ediapi\/wp\/v2\/types\/post"}],"author":[{"embeddable":true,"href":"https:\/\/staging.ivg.it\/ediapi\/wp\/v2\/users\/18838"}],"replies":[{"embeddable":true,"href":"https:\/\/staging.ivg.it\/ediapi\/wp\/v2\/comments?post=540993"}],"version-history":[{"count":0,"href":"https:\/\/staging.ivg.it\/ediapi\/wp\/v2\/posts\/540993\/revisions"}],"wp:attachment":[{"href":"https:\/\/staging.ivg.it\/ediapi\/wp\/v2\/media?parent=540993"}],"wp:term":[{"taxonomy":"category","embeddable":true,"href":"https:\/\/staging.ivg.it\/ediapi\/wp\/v2\/categories?post=540993"},{"taxonomy":"post_tag","embeddable":true,"href":"https:\/\/staging.ivg.it\/ediapi\/wp\/v2\/tags?post=540993"}],"curies":[{"name":"wp","href":"https:\/\/api.w.org\/{rel}","templated":true}]}}