{"id":539626,"date":"2021-08-25T10:55:36","date_gmt":"2021-08-25T08:55:36","guid":{"rendered":"https:\/\/www.ivg.it\/?p=539626"},"modified":"2021-08-25T17:15:16","modified_gmt":"2021-08-25T15:15:16","slug":"eccellenza-la-rosa-del-varazze-a-disposizione-di-mister-gianni-berogno","status":"publish","type":"post","link":"https:\/\/staging.ivg.it\/2021\/08\/eccellenza-la-rosa-del-varazze-a-disposizione-di-mister-gianni-berogno\/","title":{"rendered":"Eccellenza, la rosa del Varazze a disposizione di mister Gianni Berogno"},"content":{"rendered":"<p>Ieri sera, il <strong>Varazze<\/strong> ha presentato la prima squadra presso la Marina. La squadra sar\u00e0 impegnata nel campionato di Eccellenza, dove \u00e8 stata ripescata all&#8217;inizio dello scorso anno. Nel minitorneo di aprile, il club aveva deciso di dar spazio a molti giovani: non \u00e8 arrivato il passaggio del girone, come pronosticabile, ma ha comunque fornito indicazioni incoraggianti.<\/p>\n<p>La direttrice generale <strong>Stefania Villa<\/strong> fa il punto sulla rosa: <em>&#8220;Anche quest&#8217;anno puntiamo sui giovani, cercheremo di fare del nostro meglio. <strong>Si tratta del primo anno vero in Eccellenza. Vogliamo rimanere nella categoria<\/strong>. Nonostante l&#8217;et\u00e0 media bassa, ci sono tanti ragazzi che hanno gi\u00e0 maturato esperienza nella categoria. Il test con la Genova Calcio in Coppa sar\u00e0 subito probante, proveremo a rendergli la vita difficile; poi avremo anche il derby con l&#8217;Arenzano&#8221;<\/em>.<\/p>\n<h3 class=\"article_heading\">Il Varazze stagione 21\/22<\/h3>\n<p><strong>Portieri<\/strong>: Stefano Faggiano, Giorgio Malinverni, Samuele Parodi<\/p>\n<p><strong>Difensori<\/strong>: Giovanni Andreoni, Nicol\u00f2 Bettella, Pietro Cavallone, Alessandro Damonte, Giorgio Daudo, Simone Patrone, Edoardo Severi, Gabriele Rossi.<\/p>\n<p><strong>Centrocampisti<\/strong>: Andrea Bottino, Giorgio Brini, Gabriele Caruso, Luca Michele Farci, Tommaso Filippone, Luca Petrone, Edoardo Valle.<\/p>\n<p><strong>Attaccanti: <\/strong>Antonio Aiello, Giacomo Cavallone, Tommaso Perasso, Andrea Tracanna, Luca Iardella.<\/p>\n","protected":false},"excerpt":{"rendered":"<p>La dg Stefania Villa ha tracciato il punto sulla squadra, il cui obiettivo primario sar\u00e0 il mantenimento della categoria<\/p>\n","protected":false},"author":19664,"featured_media":0,"comment_status":"open","ping_status":"closed","sticky":false,"template":"","format":"standard","meta":{"footnotes":""},"categories":[45296,182,32],"tags":[96683],"class_list":["post-539626","post","type-post","status-publish","format-standard","hentry","category-copertina","category-calcio","category-sport","tag-varazze-don-bosco-1912","post_cat_citta-varazze","post_tag_personaggi-stefania-villa"],"amp_validity":null,"amp_enabled":true,"_links":{"self":[{"href":"https:\/\/staging.ivg.it\/ediapi\/wp\/v2\/posts\/539626","targetHints":{"allow":["GET"]}}],"collection":[{"href":"https:\/\/staging.ivg.it\/ediapi\/wp\/v2\/posts"}],"about":[{"href":"https:\/\/staging.ivg.it\/ediapi\/wp\/v2\/types\/post"}],"author":[{"embeddable":true,"href":"https:\/\/staging.ivg.it\/ediapi\/wp\/v2\/users\/19664"}],"replies":[{"embeddable":true,"href":"https:\/\/staging.ivg.it\/ediapi\/wp\/v2\/comments?post=539626"}],"version-history":[{"count":0,"href":"https:\/\/staging.ivg.it\/ediapi\/wp\/v2\/posts\/539626\/revisions"}],"wp:attachment":[{"href":"https:\/\/staging.ivg.it\/ediapi\/wp\/v2\/media?parent=539626"}],"wp:term":[{"taxonomy":"category","embeddable":true,"href":"https:\/\/staging.ivg.it\/ediapi\/wp\/v2\/categories?post=539626"},{"taxonomy":"post_tag","embeddable":true,"href":"https:\/\/staging.ivg.it\/ediapi\/wp\/v2\/tags?post=539626"}],"curies":[{"name":"wp","href":"https:\/\/api.w.org\/{rel}","templated":true}]}}