{"id":539225,"date":"2021-08-20T17:44:48","date_gmt":"2021-08-20T15:44:48","guid":{"rendered":"https:\/\/www.ivg.it\/?p=539225"},"modified":"2021-08-20T18:10:56","modified_gmt":"2021-08-20T16:10:56","slug":"scontro-frontale-sulla-provinciale-di-toirano-due-feriti-uno-e-grave","status":"publish","type":"post","link":"https:\/\/staging.ivg.it\/2021\/08\/scontro-frontale-sulla-provinciale-di-toirano-due-feriti-uno-e-grave\/","title":{"rendered":"Impatto tra moto e scooter sulla provinciale di Toirano, due feriti: uno \u00e8 grave"},"content":{"rendered":"<p><strong>Toirano.<\/strong> E&#8217; ancora in fase di completo accertamento la dinamica e le cause dell&#8217;incidente stradale avvenuto oggi pomeriggio lungo la provinciale per Toirano, in localit\u00e0 Carpe.<\/p>\n<p>Secondo quanto appreso, intorno alle 17.00, si \u00e8 verificato l&#8217;impatto tra due mezzi coinvolti nel sinistro, una moto e uno scooter: da una prima ricostruzione pare che il giovane conducente del motociclo si sia fermato nel tratto di carreggiata, quando stava arrivando a velocit\u00e0 sostenuta un altro ragazzo in sella alla sua moto, tra il piazzale dell&#8217;ex discoteca &#8220;Domina&#8221; e le curve del collegamento viario.<\/p>\n<p>Entrambi sono rimasti feriti, il conducente della moto \u00e8 pi\u00f9 grave con una frattura della gamba e altre ferite sul resto del corpo: \u00e8 stato disposto il trasferimento all&#8217;ospedale Santa Corona di Pietra Ligure in codice rosso. <\/p>\n<p>Il guidatore dello scooter, invece, \u00e8 meno grave, anche lui sar\u00e0 trasferito presso il nosocomio pietrese.<\/p>\n<p>Sul posto hanno operato nelle azioni di soccorso due ambulanze della Croce Rossa di Loano e di Pietra Soccorso, oltre all&#8217;automedica del 118. <\/p>\n<p>La viabilit\u00e0 \u00e8 rimasta bloccata a seguito dell&#8217;incidente per consentire le prime cure dei sanitari e i primi accertamenti sul violento impatto.<\/p>\n<p>Stando ad alcune testimonianze raccolte subito dopo l&#8217;accaduto, spesso quel tratto di strada provinciale \u00e8 soggetto al transito e a giri sostenuti in moto e scooter condotti da minori e giovani, in una sora di mini raduni di gruppo. E oggi l&#8217;impatto tra due mezzi e due feriti.<\/p>\n","protected":false},"excerpt":{"rendered":"<p>Due ambulanze sul posto per il trasporto in ospedale<\/p>\n","protected":false},"author":4,"featured_media":0,"comment_status":"open","ping_status":"closed","sticky":false,"template":"","format":"standard","meta":{"footnotes":""},"categories":[45296,34],"tags":[678,55452,1987,66829],"class_list":["post-539225","post","type-post","status-publish","format-standard","hentry","category-copertina","category-cronaca","tag-678","tag-croce-rossa-loano","tag-pietra-soccorso","tag-scontro-frontale","post_cat_citta-toirano"],"amp_validity":null,"amp_enabled":true,"_links":{"self":[{"href":"https:\/\/staging.ivg.it\/ediapi\/wp\/v2\/posts\/539225","targetHints":{"allow":["GET"]}}],"collection":[{"href":"https:\/\/staging.ivg.it\/ediapi\/wp\/v2\/posts"}],"about":[{"href":"https:\/\/staging.ivg.it\/ediapi\/wp\/v2\/types\/post"}],"author":[{"embeddable":true,"href":"https:\/\/staging.ivg.it\/ediapi\/wp\/v2\/users\/4"}],"replies":[{"embeddable":true,"href":"https:\/\/staging.ivg.it\/ediapi\/wp\/v2\/comments?post=539225"}],"version-history":[{"count":0,"href":"https:\/\/staging.ivg.it\/ediapi\/wp\/v2\/posts\/539225\/revisions"}],"wp:attachment":[{"href":"https:\/\/staging.ivg.it\/ediapi\/wp\/v2\/media?parent=539225"}],"wp:term":[{"taxonomy":"category","embeddable":true,"href":"https:\/\/staging.ivg.it\/ediapi\/wp\/v2\/categories?post=539225"},{"taxonomy":"post_tag","embeddable":true,"href":"https:\/\/staging.ivg.it\/ediapi\/wp\/v2\/tags?post=539225"}],"curies":[{"name":"wp","href":"https:\/\/api.w.org\/{rel}","templated":true}]}}