{"id":538748,"date":"2021-08-16T17:36:18","date_gmt":"2021-08-16T15:36:18","guid":{"rendered":"https:\/\/www.ivg.it\/?p=538748"},"modified":"2021-08-16T17:41:03","modified_gmt":"2021-08-16T15:41:03","slug":"alassio-estende-il-sistema-di-videosorveglianza","status":"publish","type":"post","link":"https:\/\/staging.ivg.it\/2021\/08\/alassio-estende-il-sistema-di-videosorveglianza\/","title":{"rendered":"Alassio estende il sistema di videosorveglianza"},"content":{"rendered":"<p><strong>Alassio.<\/strong> Dando seguito alle segnalazioni ricevute, il Comune di Alassio ha provveduto ad un ulteriore ampliamento del sistema di videosorveglianza cittadina.<\/p>\n<p>Al monitoraggio del sottopasso che collega via Cardellino a viale Gibb, gi\u00e0 attivo da tempo con 4 telecamere fisse, si \u00e8 recentemente aggiunta la copertura della piazza Sant&#8217;Ambrogio presso la quale \u00e8 stata posizionata una telecamera ad alta risoluzione dotata di 4 ottiche indipendenti.<\/p>\n<p>&#8220;La sicurezza di residenti e turisti \u00e8 un impegno costante di questa amministrazione&#8221;. <\/p>\n<p>&#8220;Proseguiamo nell&#8217;opera di potenziamento della videosorveglianza cittadina che \u00e8 uno dei punti del nostro programma di governo che seguiamo con maggiore attenzione&#8221; afferma Rocco Invernizzi, assessore all&#8217;Informatica del Comune di Alassio.<\/p>\n<p>Tutte le nuove telecamere sono gi\u00e0 disponibili per il monitoraggio e la consultazione delle registrazioni anche per organi di pubblica sicurezza.<\/p>\n","protected":false},"excerpt":{"rendered":"<p>Copertura di piazza Sant&#8217;Ambrogio dopo le segnalazioni dei cittadini<\/p>\n","protected":false},"author":4,"featured_media":0,"comment_status":"open","ping_status":"closed","sticky":false,"template":"","format":"standard","meta":{"footnotes":""},"categories":[45296,56],"tags":[36051,3770],"class_list":["post-538748","post","type-post","status-publish","format-standard","hentry","category-copertina","category-altre","tag-comune-alassio","tag-videosorveglianza","post_cat_citta-alassio","post_tag_personaggi-rocco-invernizzi"],"amp_validity":null,"amp_enabled":true,"_links":{"self":[{"href":"https:\/\/staging.ivg.it\/ediapi\/wp\/v2\/posts\/538748","targetHints":{"allow":["GET"]}}],"collection":[{"href":"https:\/\/staging.ivg.it\/ediapi\/wp\/v2\/posts"}],"about":[{"href":"https:\/\/staging.ivg.it\/ediapi\/wp\/v2\/types\/post"}],"author":[{"embeddable":true,"href":"https:\/\/staging.ivg.it\/ediapi\/wp\/v2\/users\/4"}],"replies":[{"embeddable":true,"href":"https:\/\/staging.ivg.it\/ediapi\/wp\/v2\/comments?post=538748"}],"version-history":[{"count":0,"href":"https:\/\/staging.ivg.it\/ediapi\/wp\/v2\/posts\/538748\/revisions"}],"wp:attachment":[{"href":"https:\/\/staging.ivg.it\/ediapi\/wp\/v2\/media?parent=538748"}],"wp:term":[{"taxonomy":"category","embeddable":true,"href":"https:\/\/staging.ivg.it\/ediapi\/wp\/v2\/categories?post=538748"},{"taxonomy":"post_tag","embeddable":true,"href":"https:\/\/staging.ivg.it\/ediapi\/wp\/v2\/tags?post=538748"}],"curies":[{"name":"wp","href":"https:\/\/api.w.org\/{rel}","templated":true}]}}