{"id":538590,"date":"2021-08-14T17:15:02","date_gmt":"2021-08-14T15:15:02","guid":{"rendered":"https:\/\/www.ivg.it\/?p=538590"},"modified":"2021-08-14T17:17:38","modified_gmt":"2021-08-14T15:17:38","slug":"sassello-cup-allandrea-badano-il-quadrangolare-giovanile-si-e-tinto-di-orange","status":"publish","type":"post","link":"https:\/\/staging.ivg.it\/2021\/08\/sassello-cup-allandrea-badano-il-quadrangolare-giovanile-si-e-tinto-di-orange\/","title":{"rendered":"Sassello Cup, all&#8217;Andrea Badano il quadrangolare giovanile si \u00e8 tinto di &#8220;orange&#8221;"},"content":{"rendered":"<p>Sassello. <strong>\u00c8 stata una splendida serata di sport e divertimento quella svoltasi mercoled\u00ec 11 agosto sul green dello stadio &#8220;Andrea Badano&#8221; di Sassello<\/strong>, rinomata localit\u00e0 dell&#8217;entroterra ligure nota non solo per le specialit\u00e0 locali (funghi e amaretti in testa) ma anche per tennis, ippica, pesca e trekking.<\/p>\n<p><strong>Nel quadrangolare di calcio giovanile<\/strong> (cat. 2007-2011) in formato 6 contro 6 promosso dall&#8217;Asd Sassello Calcio in collaborazione con la Libertas Provinciale<strong> si sono affrontate le squadre della Valle dell&#8217;Erro in un girone unico all&#8217;italiana<\/strong> con gare di andata e ritorno di 10 minuti per tempo ben dirette dall&#8217;accoppiata arbitrale composta dai fratelli Antonio e Piero Valicenti. Nelle finali il <strong>Pontinvrea<\/strong>, buon terzo, <strong>ha avuto la meglio sul Mioglia<\/strong> per 7 a 1, questo mentre <strong>nella combattutissima finale sono prevalsi di misura per 2 a 1 sul sorprendente Giovo i beniamini di casa allenati da Lorenzo Ottonello<\/strong>. Simpatica e sentita le cerimonia di premiazione alla presenza del Sindaco Daniele Buschiazzo (il quale ha speso parole di elogio per i partecipanti), del presidente ing. Alberto Piombo, del responsabile Settore Giovanile biancobl\u00f9 Mauro Canepa, del Ds Tavernelli e del parroco di Pontinvrea e Giusvalla Don Lorenzo Mozzone.<\/p>\n<p><strong>Tantissimi inoltre sono stati i premi speciali<\/strong>, di seguito le assegnazioni:<\/p>\n<ul>\n<li>Giocatore pi\u00f9 giovane: Raco Roberto (2013)<\/li>\n<li>Giocatore pi\u00f9 combattivo: Raco Alessandro<\/li>\n<li>Giocatore pi\u00f9 tecnico: Valicenti Pasquale<\/li>\n<li>Miglior difensore: Bronzino Giacomo<\/li>\n<li>Miglior centrocampista: Mattia Lenti<\/li>\n<li>Miglior attaccante: Emiliano Bruzzone<\/li>\n<li>Miglior portiere: Remziu Marsel<\/li>\n<li>Miglior giocatore del Torneo: Filippo Moretti<\/li>\n<\/ul>\n","protected":false},"excerpt":{"rendered":"<p>Lo speciale del Ct Vaniglia <\/p>\n","protected":false},"author":18816,"featured_media":0,"comment_status":"open","ping_status":"closed","sticky":false,"template":"","format":"standard","meta":{"footnotes":""},"categories":[45296,182,32],"tags":[69853,95644,85543],"class_list":["post-538590","post","type-post","status-publish","format-standard","hentry","category-copertina","category-calcio","category-sport","tag-asd-sassello","tag-centro-provinciale-libertas","tag-torneo-estivo","post_cat_citta-sassello"],"amp_validity":null,"amp_enabled":true,"_links":{"self":[{"href":"https:\/\/staging.ivg.it\/ediapi\/wp\/v2\/posts\/538590","targetHints":{"allow":["GET"]}}],"collection":[{"href":"https:\/\/staging.ivg.it\/ediapi\/wp\/v2\/posts"}],"about":[{"href":"https:\/\/staging.ivg.it\/ediapi\/wp\/v2\/types\/post"}],"author":[{"embeddable":true,"href":"https:\/\/staging.ivg.it\/ediapi\/wp\/v2\/users\/18816"}],"replies":[{"embeddable":true,"href":"https:\/\/staging.ivg.it\/ediapi\/wp\/v2\/comments?post=538590"}],"version-history":[{"count":0,"href":"https:\/\/staging.ivg.it\/ediapi\/wp\/v2\/posts\/538590\/revisions"}],"wp:attachment":[{"href":"https:\/\/staging.ivg.it\/ediapi\/wp\/v2\/media?parent=538590"}],"wp:term":[{"taxonomy":"category","embeddable":true,"href":"https:\/\/staging.ivg.it\/ediapi\/wp\/v2\/categories?post=538590"},{"taxonomy":"post_tag","embeddable":true,"href":"https:\/\/staging.ivg.it\/ediapi\/wp\/v2\/tags?post=538590"}],"curies":[{"name":"wp","href":"https:\/\/api.w.org\/{rel}","templated":true}]}}