{"id":538312,"date":"2021-08-11T16:38:25","date_gmt":"2021-08-11T14:38:25","guid":{"rendered":"https:\/\/www.ivg.it\/?p=538312"},"modified":"2021-08-11T16:38:25","modified_gmt":"2021-08-11T14:38:25","slug":"chiusura-a10-dal-16-agosto-i-dettagli-dei-lavori-scambio-di-carreggiata-permanente-in-direzione-savona","status":"publish","type":"post","link":"https:\/\/staging.ivg.it\/2021\/08\/chiusura-a10-dal-16-agosto-i-dettagli-dei-lavori-scambio-di-carreggiata-permanente-in-direzione-savona\/","title":{"rendered":"Chiusura A10 dal 16 agosto, i dettagli dei lavori: scambio di carreggiata permanente in direzione Savona"},"content":{"rendered":"<p><strong>Liguria<\/strong>. Nell\u2019ambito del piano di manutenzione e ammodernamento della rete autostradale ligure (concordato con il Mims e condiviso con le istituzioni territoriali) dalle 4 di luned\u00ec 16 agosto alle 22 di mercoled\u00ec 25 agosto, sul tratto della A10 compreso tra Genova Aeroporto e Genova Pra\u2019, verr\u00e0 attivato uno scambio di carreggiata permanente per consentire i lavori programmati nelle gallerie in direzione Savona presenti tra gli svincoli di Genova Pegli e Genova Pra\u2019.<\/p>\n<p>La soluzione di viabilit\u00e0, emersa dal tavolo tecnico di gioved\u00ec 29 luglio e presentata alle associazioni degli autotrasportatori il 4 agosto, consente, nel rispetto delle scadenze fissate, di ridurre al minimo il periodo in cui \u00e8 necessario escludere al traffico i fornici oggetto d\u2019intervento.<\/p>\n<p>Fino al 13 agosto proseguono i lavori in chiusura esclusivamente notturna del tratto, attuata 5 notti su 7 (escluse le notti tra sabato e domenica e tra domenica e luned\u00ec, al fine di favorire arrivi\/partenze dal porto). Dalle 4 di luned\u00ec 16 agosto alle 22 di mercoled\u00ec 25 agosto attivato scambio di carreggiata permanente tra Genova Aeroporto e Genova Pra\u2019 in direzione Savona: Genova Pegli sar\u00e0 chiusa in uscita da Genova e in entrata verso Savona e Genova Pra\u2019 in uscita da Genova. Dal 26 agosto i lavori proseguiranno in chiusura notturna del tratto 5 notti su 7 con la stessa modalit\u00e0 degli scorsi giorni.<\/p>\n<p>Durante tale periodo saranno eseguite le seguenti lavorazioni. Nella Galleria Provenzale \u00e8 prevista l&#8217;installazione di centine, che sar\u00e0 portata a termine entro il 25 agosto. In Galleria Torrazza \u00e8 in programma la ricostruzione definitiva di due conci, che verr\u00e0 eseguita tra il 16 e il 25 agosto sfruttando la chiusura necessaria per gli interventi della galleria Provenzale. Nella Galleria di Pra\u2019 verranno effettuati lavori di installazione di centine, avviati ottimizzando la chiusura prevista per i lavori nella galleria Provenzale, che procederanno dal 26 agosto e fino al 22 ottobre esclusivamente in chiusura notturna di tratto 5 giorni su 7 ad eccezione di due weekend, previsti ad ottobre, in cui sar\u00e0 necessario installare una riduzione di carreggiata permanente nella sola direzione Savona.<\/p>\n<p>Complessivamente le attivit\u00e0 vedranno impegnata una task force di 100 tecnici per turno di lavoro e oltre 20 macchinari tra piattaforme elevatrici, escavatrici, perforatrici e autopompe per il calcestruzzo. Per alleggerire il pi\u00f9 possibile i disagi alla circolazione gli impatti sul traffico, la direzione di tronco di Genova di ASPI ha previsto presidi di soccorso meccanici e sanitari con mezzi dislocati su strada e ha studiato la possibilit\u00e0 di aprire il casello di Pegli in caso si rendesse necessario per smaltire importanti accodamenti. I mezzi provenienti da levante e diretti verso il porto di Pra\u2019 avranno a disposizione due itinerari alternativi: uno completamente autostradale tramite A7-D26-A26 e uno lungo la viabilit\u00e0 ordinaria uscendo a Genova Ovest sulla A7 o Genova<br \/>\nAeroporto sulla A10.<\/p>\n<p>Si legge in una nota: \u201cIn generale alla luce dei recenti confronti con gli Enti locali, il programma dei cantieri in area ligure \u00e8 stato rimodulato con l\u2019obiettivo di favorire gli spostamenti da e per le riviere nelle settimane con i maggiori flussi di traffico. Pertanto i cantieri maggiormente impattanti (galleria Ranco in A10 e gallerie Della Maddalena e Santa Giulia in A12) sospesi il 16 luglio scorso ripartiranno il 23 agosto. Fino a met\u00e0 settembre, rester\u00e0 valida la sospensione dei cantieri nei fine settimana sar\u00e0 attiva dalle 14 del venerd\u00ec alle 12 del luned\u00ec\u201d.<\/p>\n<p>Tutte le informazioni sulla viabilit\u00e0 ligure sono disponibili sul sito internet www.autostrade.it. Costanti aggiornamenti sulla situazione della viabilit\u00e0 e sui percorsi alternativi sono inoltre diramati tramite i collegamenti &#8220;My Way&#8221; in onda su Sky Meteo24 (canale 502 Sky), su Sky TG24 (canali 100 e 500 Sky e canale 50 del digitale terrestre), su La7 e La7d (canale 7 e 29 del digitale terrestre) e sui seguenti canali: sulla App My Way scaricabile gratuitamente dagli store di Android e Apple, su RTL 102.5, su Isoradio 103.3 FM, attraverso i pannelli a messaggio variabile e sul network TV Infomoving in area di servizio. La programmazione e gli aggiornamenti dei lavori nelle gallerie liguri sono disponibili sul canale Telegram &#8220;Autostrade per l&#8217;Italia \u2013 Liguria&#8221;. \u00c8 inoltre attivo, 24 ore su 24, il call center Autostrade per l&#8217;Italia al numero 840.04.21.21.<\/p>\n","protected":false},"excerpt":{"rendered":"<p>Dalle 4 di luned\u00ec 16 agosto alle 22 di mercoled\u00ec 25 agosto, sul tratto della A10 compreso tra Genova Aeroporto e Genova Pra\u2019<\/p>\n","protected":false},"author":12120,"featured_media":0,"comment_status":"open","ping_status":"closed","sticky":false,"template":"","format":"standard","meta":{"footnotes":""},"categories":[45296,56],"tags":[50458,114020],"class_list":["post-538312","post","type-post","status-publish","format-standard","hentry","category-copertina","category-altre","tag-autostrada-a10","tag-caos-autostrade"],"amp_validity":null,"amp_enabled":true,"_links":{"self":[{"href":"https:\/\/staging.ivg.it\/ediapi\/wp\/v2\/posts\/538312","targetHints":{"allow":["GET"]}}],"collection":[{"href":"https:\/\/staging.ivg.it\/ediapi\/wp\/v2\/posts"}],"about":[{"href":"https:\/\/staging.ivg.it\/ediapi\/wp\/v2\/types\/post"}],"author":[{"embeddable":true,"href":"https:\/\/staging.ivg.it\/ediapi\/wp\/v2\/users\/12120"}],"replies":[{"embeddable":true,"href":"https:\/\/staging.ivg.it\/ediapi\/wp\/v2\/comments?post=538312"}],"version-history":[{"count":0,"href":"https:\/\/staging.ivg.it\/ediapi\/wp\/v2\/posts\/538312\/revisions"}],"wp:attachment":[{"href":"https:\/\/staging.ivg.it\/ediapi\/wp\/v2\/media?parent=538312"}],"wp:term":[{"taxonomy":"category","embeddable":true,"href":"https:\/\/staging.ivg.it\/ediapi\/wp\/v2\/categories?post=538312"},{"taxonomy":"post_tag","embeddable":true,"href":"https:\/\/staging.ivg.it\/ediapi\/wp\/v2\/tags?post=538312"}],"curies":[{"name":"wp","href":"https:\/\/api.w.org\/{rel}","templated":true}]}}