{"id":538301,"date":"2021-08-11T15:02:04","date_gmt":"2021-08-11T13:02:04","guid":{"rendered":"https:\/\/www.ivg.it\/?p=538301"},"modified":"2021-08-11T15:02:04","modified_gmt":"2021-08-11T13:02:04","slug":"savona-2021-europa-verde-col-dialogo-si-ottiene-tutto-per-questo-abbiamo-scelto-russo","status":"publish","type":"post","link":"https:\/\/staging.ivg.it\/2021\/08\/savona-2021-europa-verde-col-dialogo-si-ottiene-tutto-per-questo-abbiamo-scelto-russo\/","title":{"rendered":"Savona 2021, Europa Verde: &#8220;Col dialogo si ottiene tutto, per questo abbiamo scelto Russo&#8221;"},"content":{"rendered":"<p><strong>Savona<\/strong>. &#8220;Con il dialogo e la ragione e non con &#8220;l&#8217;elemosina&#8221; si pu\u00f2 ottenere tutto&#8221;. E&#8217; questo il commento di Danilo Bruno di Europa Verde sulla camapagna elettorale attualmente in corso.<\/p>\n<p><em>Se si passa in via Piave a Savona la Lega Nord effettua una raccolta di cibo per animali. Io credo che sia una iniziativa utile anche se noi di Europa Verde-Verdi lo abbiamo fatto tante volte senza per\u00f2 legare ci\u00f2 ad un simbolo di partito poich\u00e9 la battaglia per i diritti animali e contro il randagismo dovrebbe essere un fattore di civilt\u00e0 comune e non di parte.<\/em><\/p>\n<p><em>Accettiamo comunque il dato di fatto e subito sorgono alcune domande:<\/em><br \/>\n<em>a) Perch\u00e9 proprio la Lega Nord in Regione ha cercato in tutti i modi in questi anni di approvare leggi a sostegno della caccia?<\/em><br \/>\n<em>b) Perch\u00e9 proprio la Lega Nord ha dato il proprio assenso allo smantellamento del corpo di polizia regionale, che poteva intervenire nei boschi a tutela delle persone, degli animali e dell&#8217;ambiente? (Pure questa \u00e8 sicurezza caro dottor Schirru).<\/em><br \/>\n<em>c) Perch\u00e9 la Lega Nord ,oltre a votare leggi contro i parchi, continua a sostenere la caccia di selezione agli ungulati ,rifiutandosi di prendere in considerazione pareri di esperti per approcci sensati e nonviolenti al problema della crescita esponenziale di questi animali?<\/em><\/p>\n<p><em>A Savona poi la giunta della sindaca &#8220;in dismissione&#8221; ha particolarmente brillato per ordinanza contro il passeggio dei cani in centro; nessuna spiaggia di libero accesso per animali; disastrosa manutenzione delle oasi canine (rimesse in sesto ultimamente), che ben si inquadra nel disastro pi\u00f9 generale del decoro urbano.<\/em><\/p>\n<p><em>Noi da anni chiediamo una politica rispettosa dei diritti animali a cominciare dalla costituzione di un ufficio del Garante dei diritti animali in comune fino ad arrivare ad un eventuale aggiornamento delle colonie feline libere e a una politica che porti avanti insieme i diritti degli animali con il decoro urbano cittadino, poich\u00e9 non si pu\u00f2 negare che oggi Savona stia affondando nel caos, nella spazzatura e nella sporcizia con scarsa considerazione per l&#8217;igiene pubblica.<\/em><\/p>\n<p><em>Noi crediamo infine che vada ricostituita l&#8217;area protetta alla foce del torrente Letimbro e soprattutto che si cominci una politica di contenimento dei piccioni insieme alle associazioni animaliste poich\u00e9, se si vuole, con il dialogo e la ragione e non con &#8220;l&#8217;elemosina&#8221; si pu\u00f2 ottenere tutto.<\/em><\/p>\n<p><em>Questo fa anche la differenza fra l&#8217;Agenda di Russo, che abbiamo scelto, e l&#8217;alleanza di chi ha governato Savona fino a ieri e che si candida forse a tornare nei boschi a sparare a tutti gli animali che si muovono.<\/em><\/p>\n<p>Danilo Bruno<\/p>\n","protected":false},"excerpt":{"rendered":"<p>&#8220;Noi da anni chiediamo una politica rispettosa dei diritti animali&#8221;<\/p>\n","protected":false},"author":20734,"featured_media":0,"comment_status":"open","ping_status":"closed","sticky":false,"template":"","format":"standard","meta":{"footnotes":""},"categories":[120],"tags":[107484,107921],"class_list":["post-538301","post","type-post","status-publish","format-standard","hentry","category-lettere","tag-europa-verde","tag-savona-2021","post_tag_personaggi-danilo-bruno"],"amp_validity":null,"amp_enabled":true,"_links":{"self":[{"href":"https:\/\/staging.ivg.it\/ediapi\/wp\/v2\/posts\/538301","targetHints":{"allow":["GET"]}}],"collection":[{"href":"https:\/\/staging.ivg.it\/ediapi\/wp\/v2\/posts"}],"about":[{"href":"https:\/\/staging.ivg.it\/ediapi\/wp\/v2\/types\/post"}],"author":[{"embeddable":true,"href":"https:\/\/staging.ivg.it\/ediapi\/wp\/v2\/users\/20734"}],"replies":[{"embeddable":true,"href":"https:\/\/staging.ivg.it\/ediapi\/wp\/v2\/comments?post=538301"}],"version-history":[{"count":0,"href":"https:\/\/staging.ivg.it\/ediapi\/wp\/v2\/posts\/538301\/revisions"}],"wp:attachment":[{"href":"https:\/\/staging.ivg.it\/ediapi\/wp\/v2\/media?parent=538301"}],"wp:term":[{"taxonomy":"category","embeddable":true,"href":"https:\/\/staging.ivg.it\/ediapi\/wp\/v2\/categories?post=538301"},{"taxonomy":"post_tag","embeddable":true,"href":"https:\/\/staging.ivg.it\/ediapi\/wp\/v2\/tags?post=538301"}],"curies":[{"name":"wp","href":"https:\/\/api.w.org\/{rel}","templated":true}]}}