{"id":537797,"date":"2021-08-06T13:40:30","date_gmt":"2021-08-06T11:40:30","guid":{"rendered":"https:\/\/www.ivg.it\/?p=537797"},"modified":"2021-08-06T13:46:42","modified_gmt":"2021-08-06T11:46:42","slug":"amarcord-quando-valentino-rossi-corse-un-rally-in-val-bormida","status":"publish","type":"post","link":"https:\/\/staging.ivg.it\/2021\/08\/amarcord-quando-valentino-rossi-corse-un-rally-in-val-bormida\/","title":{"rendered":"Amarcord, quando Valentino Rossi corse un rally in Val Bormida"},"content":{"rendered":"<p><strong>Savona.\u00a0<\/strong>La notizia di ieri \u00e8 giunta da Spielberg, in Austria, dove si correr\u00e0 il prossimo Gran premio. Valentino Rossi alla vigilia ha indetto una <strong>conferenza stampa<\/strong>, nella quale, davanti a un corpo di giornalisti, ha spiegato che quella corrente sar\u00e0 la sua <strong>ultima stagione<\/strong> da pilota in <strong>MotoGp<\/strong>.<\/p>\n<p>Nel corso della conferenza stampa \u00e8 stato specificato come l&#8217;intenzione di Rossi sia quella di <strong>proseguire<\/strong> e gareggiare. In categorie minori o chiss\u00e0, oltre alla moto, in una delle proprie altre passioni, vale a dire l&#8217;automobile, il <strong>rally<\/strong> in particolare.<\/p>\n<p>In una di queste occasioni, Valentino Rossi venne a tal proposito a correre nel savonese, in Val Bormida. Quasi vent&#8217;anni fa. <strong>Era il 2002<\/strong> quando sfrecci\u00f2 sui <strong>sentieri<\/strong> di Osiglia e Millesimo, a bordo di una <strong>Peugeot 206 WRC<\/strong> del Team Grifone, in vista delle prove del RAC Rally in Gran Bretagna. Il suo numero distintivo di riferimento, il <strong>quarantasei<\/strong>, in vista sulla portiera.<\/p>\n<p>Valentino, all&#8217;epoca\u00a0<strong>ventitr\u00e9 anni<\/strong>, aveva gi\u00e0 vinto <strong>quattro<\/strong> mondiali (due in MotoGp\/classe 500, pi\u00f9 un titolo nella classe 125 ora moto 3, nonch\u00e9 in 250, attuale Moto 2) e, come il pap\u00e0 Graziano, si divertiva anche sulle <strong>quattro ruote.<\/strong><\/p>\n","protected":false},"excerpt":{"rendered":"<p>Era il 2002 e il &#8220;Dottore&#8221; gareggi\u00f2 a bordo di una Peugeot tra i sentieri Osiglia e Millesimo <\/p>\n","protected":false},"author":19459,"featured_media":0,"comment_status":"open","ping_status":"closed","sticky":false,"template":"","format":"standard","meta":{"footnotes":""},"categories":[45296,42377,34,32],"tags":[109670,17714,9371],"class_list":["post-537797","post","type-post","status-publish","format-standard","hentry","category-copertina","category-altri-sport","category-cronaca","category-sport","tag-moto-gp","tag-motociclismo","tag-ritiro","post_cat_citta-bormida","post_cat_citta-millesimo","post_cat_citta-osiglia","post_tag_personaggi-valentino-rossi"],"amp_validity":null,"amp_enabled":true,"_links":{"self":[{"href":"https:\/\/staging.ivg.it\/ediapi\/wp\/v2\/posts\/537797","targetHints":{"allow":["GET"]}}],"collection":[{"href":"https:\/\/staging.ivg.it\/ediapi\/wp\/v2\/posts"}],"about":[{"href":"https:\/\/staging.ivg.it\/ediapi\/wp\/v2\/types\/post"}],"author":[{"embeddable":true,"href":"https:\/\/staging.ivg.it\/ediapi\/wp\/v2\/users\/19459"}],"replies":[{"embeddable":true,"href":"https:\/\/staging.ivg.it\/ediapi\/wp\/v2\/comments?post=537797"}],"version-history":[{"count":0,"href":"https:\/\/staging.ivg.it\/ediapi\/wp\/v2\/posts\/537797\/revisions"}],"wp:attachment":[{"href":"https:\/\/staging.ivg.it\/ediapi\/wp\/v2\/media?parent=537797"}],"wp:term":[{"taxonomy":"category","embeddable":true,"href":"https:\/\/staging.ivg.it\/ediapi\/wp\/v2\/categories?post=537797"},{"taxonomy":"post_tag","embeddable":true,"href":"https:\/\/staging.ivg.it\/ediapi\/wp\/v2\/tags?post=537797"}],"curies":[{"name":"wp","href":"https:\/\/api.w.org\/{rel}","templated":true}]}}