{"id":537173,"date":"2021-08-01T15:11:55","date_gmt":"2021-08-01T13:11:55","guid":{"rendered":"https:\/\/www.ivg.it\/?p=537173"},"modified":"2021-08-01T15:11:55","modified_gmt":"2021-08-01T13:11:55","slug":"loano-2021-il-capogruppo-roberto-franco-lascia-il-pd-mi-hanno-negato-di-ricandidarmi","status":"publish","type":"post","link":"https:\/\/staging.ivg.it\/2021\/08\/loano-2021-il-capogruppo-roberto-franco-lascia-il-pd-mi-hanno-negato-di-ricandidarmi\/","title":{"rendered":"Loano 2021, il capogruppo Roberto Franco lascia il Pd: &#8220;Mi hanno negato di ricandidarmi&#8221;"},"content":{"rendered":"<p><strong>Loano.<\/strong> Non sar\u00e0 tra i nomi tra cui scegliere alle prossime elezioni amministrative, Roberto Franco, capogruppo della lista di minoranza del Pd -\u201cDa Sempre per Loano\u201d. Una figura per anni di riferimento per la sinistra, ha fatto parte del Partito Democratico per 35 anni e ne \u00e8 stato anche segretario comunale, ma ora \u00e8 arrivato il momento dei saluti. E non mancano i malumori.<\/p>\n<p>S\u00ec, perch\u00e9 Franco ha deciso di abbandonare i dem per la negata possibilit\u00e0 di ricandidarsi. Una scelta non condivisa dal capogruppo, la cui volont\u00e0 era quella di ripresentarsi, ma dopo il no ricevuto dal partito, ha deciso di lasciarlo, anche se continuer\u00e0 a svolgere il suo ruolo fino a scadenza del mandato.<\/p>\n<p>\u201cCome forse qualcuno sapr\u00e0, ho richiesto la mia candidatura alla segreteria loanese del partito democratico alle prossime amministrative di ottobre, tengo a ricordare che sono circa tre mandati che in consiglio comunale rappresento il mio elettorato e la sinistra come eletto del Partito Democratico \u2013 spiega Franco -Non credo di aver fatto sfigurare il Pd e tanto meno di non essermi impegnato attivamente nella vita consiliare. Essendomi stata negata la candidatura dalla segreteria loanese, mi vedo costretto ad abbandonare il partito in cui avevo fortemente creduto\u201d.<\/p>\n<p>E poi precisa: \u201cNon sono io che lascio il Pd, ma \u00e8 il Pd che non mi vuole\u201d. Un addio che, per\u00f2, non riguarder\u00e0 la sua attivit\u00e0 politica, come lo stesso Franco sottolinea: \u201cContinuer\u00f2 sempre a muovermi nell\u2019interesse della mia citt\u00e0 natale all\u2019interno di una visione politica di sinistra\u201d, conclude.<\/p>\n","protected":false},"excerpt":{"rendered":"<p>Nel partito per 35 anni, ora \u00e8 arrivato il momento dei saluti: &#8220;Continuer\u00f2 sempre a muovermi nell\u2019interesse della mia citt\u00e0 natale all\u2019interno di una visione politica di sinistra\u201d<\/p>\n","protected":false},"author":19447,"featured_media":0,"comment_status":"open","ping_status":"closed","sticky":false,"template":"","format":"standard","meta":{"footnotes":""},"categories":[45296,31],"tags":[115856,66576],"class_list":["post-537173","post","type-post","status-publish","format-standard","hentry","category-copertina","category-politica","tag-loano-2021","tag-pd-loano","post_cat_citta-loano","post_tag_personaggi-roberto-franco"],"amp_validity":null,"amp_enabled":true,"_links":{"self":[{"href":"https:\/\/staging.ivg.it\/ediapi\/wp\/v2\/posts\/537173","targetHints":{"allow":["GET"]}}],"collection":[{"href":"https:\/\/staging.ivg.it\/ediapi\/wp\/v2\/posts"}],"about":[{"href":"https:\/\/staging.ivg.it\/ediapi\/wp\/v2\/types\/post"}],"author":[{"embeddable":true,"href":"https:\/\/staging.ivg.it\/ediapi\/wp\/v2\/users\/19447"}],"replies":[{"embeddable":true,"href":"https:\/\/staging.ivg.it\/ediapi\/wp\/v2\/comments?post=537173"}],"version-history":[{"count":0,"href":"https:\/\/staging.ivg.it\/ediapi\/wp\/v2\/posts\/537173\/revisions"}],"wp:attachment":[{"href":"https:\/\/staging.ivg.it\/ediapi\/wp\/v2\/media?parent=537173"}],"wp:term":[{"taxonomy":"category","embeddable":true,"href":"https:\/\/staging.ivg.it\/ediapi\/wp\/v2\/categories?post=537173"},{"taxonomy":"post_tag","embeddable":true,"href":"https:\/\/staging.ivg.it\/ediapi\/wp\/v2\/tags?post=537173"}],"curies":[{"name":"wp","href":"https:\/\/api.w.org\/{rel}","templated":true}]}}