{"id":537079,"date":"2021-07-31T08:31:39","date_gmt":"2021-07-31T06:31:39","guid":{"rendered":"https:\/\/www.ivg.it\/?p=537079"},"modified":"2021-07-31T08:33:26","modified_gmt":"2021-07-31T06:33:26","slug":"dimissioni-di-bettina-bolla-a-varazze-pierfederici-il-senso-di-responsabilita-avrebbe-dovuto-prevalere-a-due-mesi-dalla-scadenza","status":"publish","type":"post","link":"https:\/\/staging.ivg.it\/2021\/07\/dimissioni-di-bettina-bolla-a-varazze-pierfederici-il-senso-di-responsabilita-avrebbe-dovuto-prevalere-a-due-mesi-dalla-scadenza\/","title":{"rendered":"Dimissioni di Bettina Bolla a Varazze, Pierfederici: &#8220;Il senso di responsabilit\u00e0 avrebbe dovuto prevalere a due mesi dalla scadenza&#8221;"},"content":{"rendered":"<p><strong>Varazze<\/strong>. Il vice sindaco di Varazze, Luigi Pierfederici Luigi, interviene in merito alla decisione di Bettina Bolla di dimettersi dalla carica di assessore comunale.<\/p>\n<p>&#8220;Innanzitutto ringrazio l&#8217;ex assessore Bolla per il lavoro svolto in questi anni con &#8216;Essere Varazze&#8217; &#8211; commenta Pierfederici &#8211;\u00a0Con vero dispiacere ho appreso stamane dalla stessa la volont\u00e0 di rassegnare le dimissioni dal ruolo ricoperto e ci\u00f2 non tanto per eventuali strumentalizzazioni elettorali, considerando anche la manifestata volont\u00e0 della Bolla di non fare parte della prossima tornata elettorale, n\u00e9 con &#8216;Essere Varazze&#8217; n\u00e9 con altre compagini, ma per il momento delicato che stiamo attraversando.\u00a0Infatti, e questo mio pensiero \u00e8 frutto della responsabilit\u00e0 che sento amministrando la mia citt\u00e0, credo fortemente nel rispetto del ruolo istituzionale e dei doveri che da esso ne derivano&#8221;.<\/p>\n<p>&#8220;Sono sicuro, comunque, che l&#8217;ormai ex assessore abbia ben ponderato la sua scelta anche in considerazione delle difficolt\u00e0 operative dell&#8217;ufficio da lei gestito ritenendo corretto anteporre le proprie visioni ai problemi veri della nostra citt\u00e0, in piena stagione estiva, in tempo di Covid, tra l&#8217;altro, con l&#8217;introduzione a breve del green pass elemento sicuramente quest&#8217;ultimo non di poco conto nella realizzazione degli eventi.\u00a0Le diverse visioni sono assolutamente legittime e comprensibili ma il senso istituzionale e la responsabilit\u00e0 del ruolo assessorile, specie a due mesi dalla tornata elettorale e quindi ormai prossimi alla fine del mandato, dovrebbero avere la priorit\u00e0 per chi svolge un ruolo di governo di una citt\u00e0, tra l&#8217;altro nella situazione contingente, e ci\u00f2 non solo nel rispetto dei propri elettori ma di tutta la citt\u00e0 oltre che degli operatori turistici e degli ospiti.\u00a0Resta tra l&#8217;altro difficile comprendere come una &#8216;insanabile diversit\u00e0 di visione sul futuro di Varazze&#8217; possa essere motivo di dimissioni da parte di chi non abbia intenzione di candidarsi alle prossime elezioni senza legittimamente far pensare che questo, in realt\u00e0, possa essere il preludio a differenti scenari futuri&#8221;.<\/p>\n<p>&#8220;Infine va sottolineato come l&#8217;azione politica di un&#8217;amministrazione parta da un programma chiaro e definito rispetto al quale la citt\u00e0 \u00e8 stata chiamata ad esprimersi e grazie alla quale anche l&#8217;ex assessore Bolla ha trovato modo di poter sedere nei banchi del consiglio comunale oltre che della giunta. Le proposte in chiave turistica avanzate dall&#8217;ex assessore hanno sempre trovato l&#8217;approvazione da parte del resto dell&#8217;amministrazione, ed i risultati elencati dalla stessa ne sono la riprova, con il giusto e doveroso anche serrato confronto tra i suoi componenti al pari di ogni altra scelta che un&#8217;amministrazione consapevole ha il compito di prendere&#8221;.<\/p>\n<p>&#8220;L&#8217;amministrazione \u00e8 una cosa seria fatta di scelte spesso difficili, sacrificio anche personale ed appartenenza per il solo interesse della citt\u00e0 soprattutto nella situazione attuale dove le priorit\u00e0 e le attenzioni non possono essere le medesime di una condizione ordinaria &#8211; nota ancora il vice sindaco &#8211; Se cos\u00ec non fosse importanti risorse che normalmente l&#8217;Amministrazione impiegherebbe anche per finalit\u00e0 turistiche, e non solo, non sarebbero state indirizzate nei sostegni Covid alle famiglie con contributi diretti, per i buoni alimentari, nelle agevolazioni negli affitti, o ancora per sostenere l&#8217;instancabile lavoro di protezione civile, croce rossa o delle altre associazioni di assistenza e volontariato presenti sul territorio. La visione diversa della citt\u00e0, probabilmente, passa anche per la consapevolezza dell&#8217;importanza di fare scelte come queste&#8221;, termina Pierfederici.<\/p>\n","protected":false},"excerpt":{"rendered":"<p>&#8220;L&#8217;amministrazione \u00e8 una cosa seria fatta di scelte spesso difficili, sacrificio anche personale ed appartenenza per il solo interesse della citt\u00e0&#8221;<\/p>\n","protected":false},"author":12120,"featured_media":0,"comment_status":"open","ping_status":"closed","sticky":false,"template":"","format":"standard","meta":{"footnotes":""},"categories":[45296,31],"tags":[12634],"class_list":["post-537079","post","type-post","status-publish","format-standard","hentry","category-copertina","category-politica","tag-comune-di-varazze","post_cat_citta-varazze","post_tag_personaggi-bettina-bolla","post_tag_personaggi-luigi-pierfederici"],"amp_validity":null,"amp_enabled":true,"_links":{"self":[{"href":"https:\/\/staging.ivg.it\/ediapi\/wp\/v2\/posts\/537079","targetHints":{"allow":["GET"]}}],"collection":[{"href":"https:\/\/staging.ivg.it\/ediapi\/wp\/v2\/posts"}],"about":[{"href":"https:\/\/staging.ivg.it\/ediapi\/wp\/v2\/types\/post"}],"author":[{"embeddable":true,"href":"https:\/\/staging.ivg.it\/ediapi\/wp\/v2\/users\/12120"}],"replies":[{"embeddable":true,"href":"https:\/\/staging.ivg.it\/ediapi\/wp\/v2\/comments?post=537079"}],"version-history":[{"count":0,"href":"https:\/\/staging.ivg.it\/ediapi\/wp\/v2\/posts\/537079\/revisions"}],"wp:attachment":[{"href":"https:\/\/staging.ivg.it\/ediapi\/wp\/v2\/media?parent=537079"}],"wp:term":[{"taxonomy":"category","embeddable":true,"href":"https:\/\/staging.ivg.it\/ediapi\/wp\/v2\/categories?post=537079"},{"taxonomy":"post_tag","embeddable":true,"href":"https:\/\/staging.ivg.it\/ediapi\/wp\/v2\/tags?post=537079"}],"curies":[{"name":"wp","href":"https:\/\/api.w.org\/{rel}","templated":true}]}}