{"id":537017,"date":"2021-07-30T14:58:33","date_gmt":"2021-07-30T12:58:33","guid":{"rendered":"https:\/\/www.ivg.it\/?p=537017"},"modified":"2021-07-30T14:58:33","modified_gmt":"2021-07-30T12:58:33","slug":"lavoro-e-parita-retributiva-mai-e-riolfo-depositata-proposta-di-legge-della-lega-a-sostegno-delle-donne","status":"publish","type":"post","link":"https:\/\/staging.ivg.it\/2021\/07\/lavoro-e-parita-retributiva-mai-e-riolfo-depositata-proposta-di-legge-della-lega-a-sostegno-delle-donne\/","title":{"rendered":"Lavoro e parit\u00e0 retributiva, Mai e Riolfo: &#8220;Depositata proposta di legge della Lega a sostegno delle donne&#8221;"},"content":{"rendered":"<p><strong>Regione<\/strong>. &#8220;La Lega ha depositato la proposta di legge regionale sulla promozione della parit\u00e0 retributiva, il sostegno dell&#8217;occupazione e dell&#8217;imprenditoria femminile di qualit\u00e0 e la valorizzazione delle competenze delle donne&#8221;. Lo hanno dichiarato i consiglieri regionali della Lega Stefano Mai (capogruppo) e Mabel Riolfo (prima firmataria della proposta di legge).<\/p>\n<p>&#8220;Il testo stabilisce l&#8217;impegno di Regione Liguria a favorire la parit\u00e0 retributiva nelle aziende liguri anche attraverso benefici economici e istituisce un registro delle aziende virtuose, nonch\u00e9 una Giornata regionale contro le discriminazioni sul lavoro. Inoltre, \u00e8 prevista una serie di interventi come la revoca dei benefici alle aziende che siano state condannate per avere licenziato dipendenti in maternit\u00e0 o paternit\u00e0, benefici economici e sgravi Irap alle aziende che assumono donne con contratti di lavoro subordinato a tempo indeterminato, corsi di formazione per le donne che abbiano perso il lavoro, benefici economici alle imprese che assumono donne disabili o vittime di violenza, l&#8217;istituzione di uno &#8216;Sportello Donna&#8217; nei siti regionali, la riserva di una parte dei prestiti d&#8217;onore per il sostegno a donne disabili, vittime di violenza, componenti famiglie monoparentali con figli a carico&#8221;.<\/p>\n<p>&#8220;Inoltre, per la valorizzazione delle competenze delle donne, viene istituito un fondo e un protocollo d&#8217;intesa con l&#8217;ABI per consentire l&#8217;accesso al credito bancario a tassi di interesse agevolati per le imprese femminili, nonch\u00e9 una &#8216;Certificazione di equit\u00e0 di genere&#8217; da assegnare ai Comuni portatori di buone prassi nell&#8217;ambito della parit\u00e0 dei sessi. Infine, \u00e8 prevista una modifica delle legge regionale per promuovere la stipula di accordi e protocolli d&#8217;intesa con organizzazioni imprenditoriali e sindacati per l&#8217;adozione di moduli lavorativi orari che concilino i tempi di vita e di lavoro delle donne&#8221;.<\/p>\n","protected":false},"excerpt":{"rendered":"<p>&#8220;Il testo stabilisce l&#8217;impegno di Regione a favorire la parit\u00e0 retributiva nelle aziende liguri anche attraverso benefici economici e istituisce un registro delle aziende virtuose&#8221;<\/p>\n","protected":false},"author":12120,"featured_media":0,"comment_status":"open","ping_status":"closed","sticky":false,"template":"","format":"standard","meta":{"footnotes":""},"categories":[45296,56],"tags":[112339,120304],"class_list":["post-537017","post","type-post","status-publish","format-standard","hentry","category-copertina","category-altre","tag-lega-liguria","tag-parita-di-genere","post_tag_personaggi-mabel-riolfo","post_tag_personaggi-stefano-mai"],"amp_validity":null,"amp_enabled":true,"_links":{"self":[{"href":"https:\/\/staging.ivg.it\/ediapi\/wp\/v2\/posts\/537017","targetHints":{"allow":["GET"]}}],"collection":[{"href":"https:\/\/staging.ivg.it\/ediapi\/wp\/v2\/posts"}],"about":[{"href":"https:\/\/staging.ivg.it\/ediapi\/wp\/v2\/types\/post"}],"author":[{"embeddable":true,"href":"https:\/\/staging.ivg.it\/ediapi\/wp\/v2\/users\/12120"}],"replies":[{"embeddable":true,"href":"https:\/\/staging.ivg.it\/ediapi\/wp\/v2\/comments?post=537017"}],"version-history":[{"count":0,"href":"https:\/\/staging.ivg.it\/ediapi\/wp\/v2\/posts\/537017\/revisions"}],"wp:attachment":[{"href":"https:\/\/staging.ivg.it\/ediapi\/wp\/v2\/media?parent=537017"}],"wp:term":[{"taxonomy":"category","embeddable":true,"href":"https:\/\/staging.ivg.it\/ediapi\/wp\/v2\/categories?post=537017"},{"taxonomy":"post_tag","embeddable":true,"href":"https:\/\/staging.ivg.it\/ediapi\/wp\/v2\/tags?post=537017"}],"curies":[{"name":"wp","href":"https:\/\/api.w.org\/{rel}","templated":true}]}}