{"id":536755,"date":"2021-07-28T12:39:09","date_gmt":"2021-07-28T10:39:09","guid":{"rendered":"https:\/\/www.ivg.it\/?p=536755"},"modified":"2021-07-28T13:30:12","modified_gmt":"2021-07-28T11:30:12","slug":"prima-categoria-colpo-olimpia-carcarese-luca-dematteis-passa-dalla-cairese-ai-biancorossi","status":"publish","type":"post","link":"https:\/\/staging.ivg.it\/2021\/07\/prima-categoria-colpo-olimpia-carcarese-luca-dematteis-passa-dalla-cairese-ai-biancorossi\/","title":{"rendered":"Prima Categoria, colpo Olimpia Carcarese: Luca Dematteis passa dalla Cairese ai biancorossi"},"content":{"rendered":"<div>\n<p class=\"v1MsoNormal\"><span style=\"font-family: tahoma, sans-serif;\"><b>Carcare.<\/b>\u00a0&#8220;Una societ\u00e0 seria con obiettivi ben precisi e un progetto importante. Una piazza che meriterebbe altre categorie. Conosco la maggior parte dei giocatori da quando sono nato e so che sono un gruppo molto unito e determinato&#8221;. Cos\u00ec\u00a0<b>Luca Dematteis<\/b>, il neo acquisto della Carcarese, spiega il motivi del suo approdo in biancorosso. \u00a0<\/span><\/p>\n<p class=\"v1MsoNormal\"><span style=\"font-family: tahoma, sans-serif;\">Da oggi, infatti, il 24enne entra a far parte della rosa a disposizione di mister Chiarlone, che la prossima stagione affronter\u00e0 il campionato di Prima Categoria. Si tratta del terzo innesto, dopo il difensore Davide Manfredi e il portiere Andrea Briano, e sicuramente sar\u00e0 un valore aggiunto per la squadra.<\/span><\/p>\n<p class=\"v1MsoNormal\"><span style=\"font-family: tahoma, sans-serif;\">Un ritorno quello di Dematteis alla\u00a0<b>Carcarese<\/b>, dove ha militato nel settore giovanile, prima di sbarcare a\u00a0<b>Savona\u00a0<\/b>e giocare negli campionati nazionali nelle categorie Allievi e Berretti. Dopo una piccola parentesi nella prima squadra della\u00a0<b>Cairese<\/b>, Dematteis si trasferisce all&#8217;<b>Albissola<\/b>\u00a0e vince il campionato di Eccellenza, uno degli step gloriosi della meravigliosa scalata verso la Lega Pro della societ\u00e0 biancoblu. Successivamente torna di nuovo a Cairo, dove resta per 4 stagioni, e vince un altro campionato, questa volta di Promozione.<\/span><\/p>\n<p class=\"v1MsoNormal\"><span style=\"font-family: tahoma, sans-serif;\">Ed ora il ritorno alla Carcarese, squadra della sua citt\u00e0. &#8220;Con lui continua il progetto di portare i carcaresi pi\u00f9 talentuosi a Carcare \u2013 commenta il direttore sportivo Edoardo Gandolfo \u2013 Luca, o come lo chiamiamo tutti &#8216;Dema&#8217;, \u00e8 un giocatore polivalente, pu\u00f2 praticamente giocare in tutte le zone del campo. Nonostante la giovane et\u00e0, vanta gi\u00e0 due campionati vinti, speriamo possa portare la sua mentalit\u00e0 vincente all&#8217;interno della nostra rosa&#8221;.\u00a0<\/span><\/p>\n<\/div>\n<div><\/div>\n","protected":false},"excerpt":{"rendered":"<p>Inserimento di categoria superiore per il sodalizio guidato dal presidente Dino Vercelli<\/p>\n","protected":false},"author":19664,"featured_media":0,"comment_status":"open","ping_status":"closed","sticky":false,"template":"","format":"standard","meta":{"footnotes":""},"categories":[182,32],"tags":[57478],"class_list":["post-536755","post","type-post","status-publish","format-standard","hentry","category-calcio","category-sport","tag-olimpia-carcarese","post_cat_citta-carcare","post_tag_personaggi-luca-dematteis"],"amp_validity":null,"amp_enabled":true,"_links":{"self":[{"href":"https:\/\/staging.ivg.it\/ediapi\/wp\/v2\/posts\/536755","targetHints":{"allow":["GET"]}}],"collection":[{"href":"https:\/\/staging.ivg.it\/ediapi\/wp\/v2\/posts"}],"about":[{"href":"https:\/\/staging.ivg.it\/ediapi\/wp\/v2\/types\/post"}],"author":[{"embeddable":true,"href":"https:\/\/staging.ivg.it\/ediapi\/wp\/v2\/users\/19664"}],"replies":[{"embeddable":true,"href":"https:\/\/staging.ivg.it\/ediapi\/wp\/v2\/comments?post=536755"}],"version-history":[{"count":0,"href":"https:\/\/staging.ivg.it\/ediapi\/wp\/v2\/posts\/536755\/revisions"}],"wp:attachment":[{"href":"https:\/\/staging.ivg.it\/ediapi\/wp\/v2\/media?parent=536755"}],"wp:term":[{"taxonomy":"category","embeddable":true,"href":"https:\/\/staging.ivg.it\/ediapi\/wp\/v2\/categories?post=536755"},{"taxonomy":"post_tag","embeddable":true,"href":"https:\/\/staging.ivg.it\/ediapi\/wp\/v2\/tags?post=536755"}],"curies":[{"name":"wp","href":"https:\/\/api.w.org\/{rel}","templated":true}]}}