{"id":536465,"date":"2021-07-26T07:44:21","date_gmt":"2021-07-26T05:44:21","guid":{"rendered":"http:\/\/www.ivg.it\/?p=536465"},"modified":"2021-07-26T07:44:21","modified_gmt":"2021-07-26T05:44:21","slug":"meteo-tempo-instabile-in-liguria-tante-nubi-e-possibili-temporali-sui-rilievi","status":"publish","type":"post","link":"https:\/\/staging.ivg.it\/2021\/07\/meteo-tempo-instabile-in-liguria-tante-nubi-e-possibili-temporali-sui-rilievi\/","title":{"rendered":"Meteo, tempo instabile in Liguria: tante nubi e possibili temporali sui rilievi"},"content":{"rendered":"<p><strong>Liguria<\/strong>. Secondo le previsioni degli esperti <strong>del centro meteo Limet<\/strong>, oggi in Liguria molte nubi, ma pochi fenomeni. La depressione che si sta avvicinando da nord ovest e che determiner\u00e0 instabilit\u00e0 sparsa sul nord Italia, infatti, colpir\u00e0 solo marginalmente la nostra regione.<\/p>\n<p>Oggi, <strong>luned\u00ec 26 luglio<\/strong>, nuvolosit\u00e0 diffusa al mattino con possibili occasionali rovesci. Nel corso della giornata parziale rasserenamento lungo le coste ma con tempo variabile, e incremento dell&#8217;instabilit\u00e0 sui rilievi. Venti moderati, mare generalmente mosso, temperature stazionarie: saranno comprese sulla costa tra 21 e 28 gradi, nell&#8217;interno tra 13 e 27.<\/p>\n<p>Domani, <strong>marted\u00ec 27 luglio<\/strong>, ancora nuvolosit\u00e0 diffusa, in particolare al mattino. Tendenza a miglioramento lungo le coste nel corso della giornata mentre sar\u00e0 maggiormente instabile sui rilievi nel pomeriggio.<\/p>\n<p>Per le giornata di <strong>mercoled\u00ec 28 luglio<\/strong>, secondo Limet avremo di nuovo tempo soleggiato con qualche nube sparsa.<\/p>\n","protected":false},"excerpt":{"rendered":"<p>Secondo i previsori di Limet la depressione sul nord Italia interesser\u00e0 la Liguria solo marginalmente<\/p>\n","protected":false},"author":17916,"featured_media":0,"comment_status":"open","ping_status":"closed","sticky":false,"template":"","format":"standard","meta":{"footnotes":""},"categories":[45296],"tags":[65228],"class_list":["post-536465","post","type-post","status-publish","format-standard","hentry","category-copertina","tag-centro-limet"],"amp_validity":null,"amp_enabled":true,"_links":{"self":[{"href":"https:\/\/staging.ivg.it\/ediapi\/wp\/v2\/posts\/536465","targetHints":{"allow":["GET"]}}],"collection":[{"href":"https:\/\/staging.ivg.it\/ediapi\/wp\/v2\/posts"}],"about":[{"href":"https:\/\/staging.ivg.it\/ediapi\/wp\/v2\/types\/post"}],"author":[{"embeddable":true,"href":"https:\/\/staging.ivg.it\/ediapi\/wp\/v2\/users\/17916"}],"replies":[{"embeddable":true,"href":"https:\/\/staging.ivg.it\/ediapi\/wp\/v2\/comments?post=536465"}],"version-history":[{"count":0,"href":"https:\/\/staging.ivg.it\/ediapi\/wp\/v2\/posts\/536465\/revisions"}],"wp:attachment":[{"href":"https:\/\/staging.ivg.it\/ediapi\/wp\/v2\/media?parent=536465"}],"wp:term":[{"taxonomy":"category","embeddable":true,"href":"https:\/\/staging.ivg.it\/ediapi\/wp\/v2\/categories?post=536465"},{"taxonomy":"post_tag","embeddable":true,"href":"https:\/\/staging.ivg.it\/ediapi\/wp\/v2\/tags?post=536465"}],"curies":[{"name":"wp","href":"https:\/\/api.w.org\/{rel}","templated":true}]}}