{"id":536155,"date":"2021-07-22T14:30:13","date_gmt":"2021-07-22T12:30:13","guid":{"rendered":"http:\/\/www.ivg.it\/?p=536155"},"modified":"2021-07-22T14:30:13","modified_gmt":"2021-07-22T12:30:13","slug":"green-pass-strada-in-salita-per-gli-allergici-in-liguria-oltre-duemila-attendono-ancora-il-vaccino","status":"publish","type":"post","link":"https:\/\/staging.ivg.it\/2021\/07\/green-pass-strada-in-salita-per-gli-allergici-in-liguria-oltre-duemila-attendono-ancora-il-vaccino\/","title":{"rendered":"Green pass, strada in salita per gli allergici: in Liguria oltre duemila attendono ancora il vaccino"},"content":{"rendered":"<p><strong>Liguria.\u00a0<\/strong>C&#8217;\u00e8 chi si \u00e8 vaccinato, chi si vacciner\u00e0 e chi non vuole vaccinarsi. E poi <strong>c&#8217;\u00e8 chi vorrebbe vaccinarsi, ma ancora non pu\u00f2 farlo e rischia di finire beffato dal meccanismo del <em>green pass\u00a0<\/em>obbligatorio<\/strong> che il Governo sta mettendo a punto per accedere a spettacoli, viaggi a lunga percorrenza, impianti sportivi e probabilmente, in prospettiva, anche ristoranti al chiuso. \u00c8 il numeroso popolo dei <strong>soggetti<\/strong> <strong>allergici<\/strong>, finiti in balia di un sistema che dovrebbe essere chiaro e improntato a regole scientifiche, ma che nei fatti sta trovando molti ostacoli.<\/p>\n<h3 class=\"article_heading\">I numeri a Savona e in Liguria<\/h3>\n<p>Secondo i dati raccolti da Alisa presso le singole Asl, ad oggi in Liguria sono esattamente<strong> 2.300 i cittadini allergici gravi segnalati per la vaccinazione in ambiente protetto ancora in attesa di essere chiamati per la somministrazione della prima dose<\/strong>. Il dato non tiene conto di coloro che, pur contattati, hanno deciso di rifiutare o rimandare la vaccinazione o non hanno risposto. Chi invece non ha dubbi &#8211; ma ha comunque necessit\u00e0 di adottare particolari precauzioni per scongiurare possibili reazioni avverse al siero &#8211; <strong>rischia di trovarsi escluso da buona parte della vita sociale<\/strong> a partire dai prossimi giorni, nonostante tutta la buona volont\u00e0 del caso.<\/p>\n<p>In particolare<strong> in Asl 2, presso il centro vaccinale dell&#8217;ospedale Santa Corona di Pietra Ligure, sono 325 le persone segnalate dal proprio medico di base, di cui 233 hanno effettuato la vaccinazione, 50 devono completare il ciclo e 42 sono pazienti da programmare.<\/strong><\/p>\n<p>A Genova l&#8217;ospedale designato per il percorso protetto \u00e8 il <strong>Villa Scassi<\/strong>: da quando \u00e8 stato attivato il nuovo campo specifico sulla piattaforma Poliss a maggio sono state eseguite 690 vaccinazioni (circa un terzo a ciclo completo). Poich\u00e9 si procede a un ritmo medio di 300 vaccinazioni alla settimana, <strong>ci vorr\u00e0 almeno un mese e mezzo per esaurire tutte le richieste<\/strong>. In pratica si andr\u00e0 ben oltre l&#8217;inizio di settembre. Nel Tigullio, invece, risultano 873 segnalati di cui 712 vaccinati, 57 che non rispondono, 49 che hanno rifiutato e 55 che hanno deciso di rimandare.<\/p>\n<p><strong>Le segnalazioni totali in Liguria sono 7.378<\/strong> con un\u00a0<em>boom\u00a0<\/em>piuttosto inspiegabile nell&#8217;Asl 5 spezzina che ne ha raccolte ben 3.242. Numeri che nei prossimi giorni sono<strong> destinati ad aumentare<\/strong> grazie al forte incentivo del\u00a0<em>green pass\u00a0<\/em>obbligatorio per molti aspetti del divertimento.<\/p>\n<h3 class=\"article_heading\">Sono allergico: cosa devo fare?<\/h3>\n<p>A maggio il tavolo di lavoro regionale coordinato da Alisa insieme alla rete allergologica ligure aveva pubblicato un <strong>protocollo specifico<\/strong> con una serie di Faq per capire quando vaccinarsi in tutta tranquillit\u00e0 e quando invece <strong>avvertire il proprio medico<\/strong>. La vaccinazione &#8220;<strong>in ambiente protetto<\/strong>&#8220;, secondo le linee guida, deve avvenire in ospedale, dove sia possibile monitorare i parametri vitali dei pazienti (pressione arteriosa e saturazione) con spazi adeguati e attrezzati per intervenire subito in caso di reazioni gravi.<\/p>\n<p>&#8220;<strong>Chi non deve preoccuparsi di nulla \u00e8 la maggioranza dei soggetti allergici<\/strong>: chi ha un&#8217;allergia respiratoria, come una rinite o un&#8217;asma bronchiale allergica, oppure \u00e8 allergico ai pollini, al cane, al gatto, non ha nessuna controindicazione a vaccinarsi. Non c&#8217;\u00e8 nessuna precauzione o premedicazione da fare. L&#8217;importante \u00e8 che assumano correttamente i loro farmaci e non abbiano problemi respiratori &#8211; spiega l&#8217;allergologa genovese <strong>Paola Minale<\/strong>, coinvolta nella redazione del protocollo -. Per chi invece ha un&#8217;<strong>asma bronchiale grave<\/strong> non ben controllata dai farmaci sicuramente prima di andare a fare il vaccino bisogna mettere sotto controllo la situazione perch\u00e9 il vaccino potrebbe peggiorarla&#8221;.<\/p>\n<p>&#8220;Per chi invece ha una forma di <strong>allergia alimentare<\/strong> o al<strong> veleno di imenotteri<\/strong>, e quindi ha gi\u00e0 sperimentato <strong>reazioni di tipo<\/strong> <strong>anafilattico<\/strong>, occorrono precauzioni maggiori. Non \u00e8 prevista una premedicazione, cio\u00e8 non ha senso prendere cortisonici o antistaminici prima del vaccino, ma questi soggetti in linea generale <strong>\u00e8 bene che facciano il vaccino in un ambito ospedaliero<\/strong>. Lo stesso discorso vale per i <strong>farmaci<\/strong>. L&#8217;allergia ad <strong>antinfiammatori<\/strong> e <strong>antibiotici<\/strong> (come pennicilline) \u00e8 diffusa. Non c&#8217;\u00e8 una controindicazione a fare il vaccino perch\u00e9 l&#8217;uso di additivi \u00e8 minimo, ma \u00e8 preferibile la <strong>somministrazione<\/strong> <strong>controllata<\/strong> e l&#8217;osservazione per un periodo prolungato&#8221;, prosegue l&#8217;allergologa.<\/p>\n<h3 class=\"article_heading\">In balia del caos<\/h3>\n<p>Attenzione, perch\u00e9<strong> tra ambiente ospedaliero e ambiente protetto c&#8217;\u00e8 differenza<\/strong>: &#8220;Su questo c&#8217;\u00e8 confusione &#8211; rileva Minale -. Il centro del Villa Scassi \u00e8 attrezzato per la vaccinazione in presenza di un anestesista, addirittura in certi casi con una flebo gi\u00e0 inserita per ogni evenienza, ed \u00e8 <strong>riservata ai soggetti a rischio<\/strong>, ad esempio chi ha avuto una reazione alla prima somministrazione o chi \u00e8 sensibilizzato in maniera concreta a uno degli eccipienti del vaccino. <strong>Per i casi meno gravi<\/strong> c&#8217;\u00e8 la possibilit\u00e0 di ottenere la somministrazione in ambiente ospedaliero <strong>anche in altri centri, come San Martino, Gaslini ed Evangelico,<\/strong> ma \u00e8 necessario comunque farsi segnalare dal proprio medico curante&#8221;.<\/p>\n<p><strong>E qui iniziano i dolori.<\/strong> Dalle segnalazioni arrivate alla nostra redazione risulta che alcuni <strong>medici di medicina generale<\/strong> richiedano la vaccinazione in ambiente protetto anche in casi non gravi, col risultato di allungare a dismisura le liste d&#8217;attesa, mentre altri al contrario sconsigliano di seguire questa procedura proprio per i tempi molto lunghi e invitano a recarsi semplicemente all&#8217;<em>hub<\/em>. Dove comunque si rischia di vedersi rimandare indietro al momento del colloquio anamnestico col medico vaccinatore.<\/p>\n<p><strong>Capita che alcuni vengano rimbalzati anche dal Villa Scassi.<\/strong> Come una nostra lettrice: &#8220;Io sono un soggetto allergico grave certificato perch\u00e9 fin da bambina ho avuto episodi di allergia ai farmaci &#8211; ci racconta -. A maggio mi sono fatta segnalare alla Asl dal mio medico di base, secondo il protocollo. Passati due mesi, visto che nessuno mi aveva contattato, ho sollecitato e ho chiesto un appuntamento. Mi hanno richiamata. Mi sono recata al Villa Scassi, <strong>ho spiegato che sono allergica all&#8217;Augmentin<\/strong> perch\u00e9 l&#8217;ultima volta che l&#8217;ho assunto sono finita in ospedale, e mi hanno detto che <strong>non avrei potuto fare il vaccino<\/strong>. Mi hanno prescritto una visita allergologica e prove cutanee. A questo punto credo che non verr\u00f2 mai pi\u00f9 richiamata. Sar\u00f2 costretta a fare continuamente tamponi e <strong>la trovo una grande ingiustizia<\/strong>&#8220;.<\/p>\n<p>In effetti le linee guida prevedono che &#8220;le persone con sospetta allergia grave agli eccipienti polietilenglicole (PEG), macrogol, polisorbato, prima di ricevere il vaccino Covid-19, <strong>devono essere indirizzate a uno specialista allergologo<\/strong>&#8220;. E questo perch\u00e9, spiega Minale, &#8220;alcuni di quegli additivi <strong>sono presenti nei vaccini, ma anche in tantissimi farmaci<\/strong>. Non si tratta quindi di un problema particolare dell&#8217;Augmentin. Chi deve eseguire il <strong>test specifico al San Martino<\/strong>, accessibile sempre su richiesta medica, sono le persone che hanno gi\u00e0 avuto una reazione al vaccino oppure soggetti con una storia clinica ben chiara di <strong>reazioni allergiche gravi a tanti farmaci diversi<\/strong>&#8220;.<\/p>\n<h3 class=\"article_heading\">Test allergologici: quando farli?<\/h3>\n<p>L&#8217;unico altro caso in cui \u00e8 utile eseguire un test specifico \u00e8 la sospetta presenza di un disturbo immunitario che si chiama <strong><em>mastocitosi<\/em><\/strong>. &#8220;Si tratta di soggetti che hanno avuto reazioni anafilattiche per motivi diversi, senza un apparente motivo. In quel caso<strong> bisogna sottoporsi al test di dosaggio della triptasi<\/strong> e, se l&#8217;esito \u00e8 positivo, ha senso prevedere una vaccinazione in ambiente protetto&#8221;.<\/p>\n<p><strong>E per tutti gli altri ha senso eseguire test allergologici prima del vaccino? &#8220;Se uno non ha mai avuto sintomi, assolutamente no&#8221;,<\/strong> sottolinea l&#8217;allergologa: chi dovesse essere allergico agli additivi contenuti nel siero avrebbe gi\u00e0 manifestato reazioni per altri tipi di farmaci. Per le altre forme di allergia valgono le raccomandazioni che si trovano <a href=\"https:\/\/www.alisa.liguria.it\/index.php?option=com_content&amp;view=article&amp;id=1711:coronavirus-procedura-per-la-somministrazione-vaccinazione-anti-covid-19-in-soggetti-a-rischio-di-reazioni-allergiche-approvato-e-condiviso-protocollo-regionale&amp;catid=7&amp;Itemid=109\">qui<\/a> e che abbiamo citato prima.<\/p>\n<p>Insomma, l&#8217;<strong>odissea degli allergici che desiderano il\u00a0<em>green pass\u00a0<\/em><\/strong>dipende soprattutto da due fattori: i <strong>tempi delle Asl<\/strong> per le vaccinazioni in ambiente ospedaliero o protetto, incompatibili con l&#8217;obbligo che scatter\u00e0 gi\u00e0 dalla prossima settimana, e ancora prima la<strong> valutazione del medico di famiglia<\/strong>, che non sempre risulta coerente con le linee guida. &#8220;Ai medici &#8211; conclude Minale &#8211; consiglio di contattare il centro di allergologia San Martino per avere informazioni pi\u00f9 precise in modo da non inviare i pazienti in ospedale in maniera incongrua&#8221;.<\/p>\n","protected":false},"excerpt":{"rendered":"<p>In Asl 2 325 segnalazioni, i consigli dell&#8217;allergologa Minale: &#8220;La maggior parte non deve preoccuparsi&#8221;<\/p>\n","protected":false},"author":20028,"featured_media":0,"comment_status":"open","ping_status":"closed","sticky":false,"template":"","format":"standard","meta":{"footnotes":""},"categories":[45296,34],"tags":[111891,113785,119228,2953,116179],"class_list":["post-536155","post","type-post","status-publish","format-standard","hentry","category-copertina","category-cronaca","tag-coronavirus","tag-covid","tag-green-pass","tag-ospedale-santa-corona","tag-vaccino-covid","post_cat_citta-pietra-ligure"],"amp_validity":null,"amp_enabled":true,"_links":{"self":[{"href":"https:\/\/staging.ivg.it\/ediapi\/wp\/v2\/posts\/536155","targetHints":{"allow":["GET"]}}],"collection":[{"href":"https:\/\/staging.ivg.it\/ediapi\/wp\/v2\/posts"}],"about":[{"href":"https:\/\/staging.ivg.it\/ediapi\/wp\/v2\/types\/post"}],"author":[{"embeddable":true,"href":"https:\/\/staging.ivg.it\/ediapi\/wp\/v2\/users\/20028"}],"replies":[{"embeddable":true,"href":"https:\/\/staging.ivg.it\/ediapi\/wp\/v2\/comments?post=536155"}],"version-history":[{"count":0,"href":"https:\/\/staging.ivg.it\/ediapi\/wp\/v2\/posts\/536155\/revisions"}],"wp:attachment":[{"href":"https:\/\/staging.ivg.it\/ediapi\/wp\/v2\/media?parent=536155"}],"wp:term":[{"taxonomy":"category","embeddable":true,"href":"https:\/\/staging.ivg.it\/ediapi\/wp\/v2\/categories?post=536155"},{"taxonomy":"post_tag","embeddable":true,"href":"https:\/\/staging.ivg.it\/ediapi\/wp\/v2\/tags?post=536155"}],"curies":[{"name":"wp","href":"https:\/\/api.w.org\/{rel}","templated":true}]}}