{"id":535768,"date":"2021-07-20T08:11:40","date_gmt":"2021-07-20T06:11:40","guid":{"rendered":"https:\/\/www.ivg.it\/?p=535768"},"modified":"2021-07-20T08:13:20","modified_gmt":"2021-07-20T06:13:20","slug":"covid-gli-albergatori-lanciano-lallarme-mancano-posti-in-spiaggia-piovono-disdette-negli-alberghi-della-riviera","status":"publish","type":"post","link":"https:\/\/staging.ivg.it\/2021\/07\/covid-gli-albergatori-lanciano-lallarme-mancano-posti-in-spiaggia-piovono-disdette-negli-alberghi-della-riviera\/","title":{"rendered":"Covid, gli albergatori lanciano l&#8217;allarme: &#8220;Mancano posti in spiaggia, piovono disdette negli hotel della Riviera&#8221;"},"content":{"rendered":"<p><strong>Savona<\/strong>. \u201cNegli stabilimenti balneari non ci sono lettini disponibili. Solo gli hotel con spiaggia privata riescono ad accontentare i turisti che chiedono camere per il soggiorno e posto in spiaggia per la tintarella e il relax\u201d. A lanciare l&#8217;allarme sulla carenza dei posti in spiaggia \u00e8 l&#8217;Unione Provinciale Albergatori di Savona.<\/p>\n<p>\u201cNelle chat degli albergatori \u00e8 uno degli argomenti all&#8217;ordine del giorno insieme al problema dell&#8217;autostrada &#8211; spiega il direttore provinciale di Upa Carlo Scrivano &#8211; A che cosa \u00e8 dovuta la mancanza dei posti in spiaggia? Alle restrizioni Covid. Gli stabilimenti balneari sono obbligati a mantenere spazi adeguati tra un ombrellone e l&#8217;altro per evitare assembramenti tra i bagnanti. In una lingua di sabbia &#8216;naturalmente&#8217; ristretta come quella della Riviera \u00e8 difficile accontentare tutti e le file di ombrelloni si riducono ed \u00e8 ecco perch\u00e9 la disponibilit\u00e0 per i bagnanti che prenotano in albergo \u00e8 assai limitata\u201d.<\/p>\n<p>Secondo l&#8217;Upa il problema potrebbe essere \u201cancora pi\u00f9 accentuato ad agosto, mese che tradizionalmente spinge gli italiani a viaggiare e scegliere il mare come meta delle proprie vacanze\u201d.<\/p>\n<p>Soluzione al problema lettino? Dicono da Upa: \u201cAppoggiamo la proposta della Regione che vorrebbe ridurre da 10 a 9 metri la distanza tra gli ombrelloni. Solo in questo modo si potranno ricavare altri posti per sistemare i lettini ed evitare altre disdette come quelle piovute a raffica in questi giorni\u201d.<\/p>\n","protected":false},"excerpt":{"rendered":"<p>&#8220;Le telefonate negli alberghi per prenotare camere per le vacanze di agosto con la richiesta del posto in spiaggia. Ed \u00e8 qui che arrivano le sorprese pi\u00f9 amare&#8221;<\/p>\n","protected":false},"author":12120,"featured_media":0,"comment_status":"open","ping_status":"closed","sticky":false,"template":"","format":"standard","meta":{"footnotes":""},"categories":[45296,35],"tags":[111891,6165],"class_list":["post-535768","post","type-post","status-publish","format-standard","hentry","category-copertina","category-economia","tag-coronavirus","tag-unione-provinciale-albergatori","post_tag_personaggi-carlo-scrivano"],"amp_validity":null,"amp_enabled":true,"_links":{"self":[{"href":"https:\/\/staging.ivg.it\/ediapi\/wp\/v2\/posts\/535768","targetHints":{"allow":["GET"]}}],"collection":[{"href":"https:\/\/staging.ivg.it\/ediapi\/wp\/v2\/posts"}],"about":[{"href":"https:\/\/staging.ivg.it\/ediapi\/wp\/v2\/types\/post"}],"author":[{"embeddable":true,"href":"https:\/\/staging.ivg.it\/ediapi\/wp\/v2\/users\/12120"}],"replies":[{"embeddable":true,"href":"https:\/\/staging.ivg.it\/ediapi\/wp\/v2\/comments?post=535768"}],"version-history":[{"count":0,"href":"https:\/\/staging.ivg.it\/ediapi\/wp\/v2\/posts\/535768\/revisions"}],"wp:attachment":[{"href":"https:\/\/staging.ivg.it\/ediapi\/wp\/v2\/media?parent=535768"}],"wp:term":[{"taxonomy":"category","embeddable":true,"href":"https:\/\/staging.ivg.it\/ediapi\/wp\/v2\/categories?post=535768"},{"taxonomy":"post_tag","embeddable":true,"href":"https:\/\/staging.ivg.it\/ediapi\/wp\/v2\/tags?post=535768"}],"curies":[{"name":"wp","href":"https:\/\/api.w.org\/{rel}","templated":true}]}}