{"id":535432,"date":"2021-07-16T16:11:30","date_gmt":"2021-07-16T14:11:30","guid":{"rendered":"https:\/\/www.ivg.it\/?p=535432"},"modified":"2021-07-16T16:12:16","modified_gmt":"2021-07-16T14:12:16","slug":"reddito-di-cittadinanza-percepito-abusivamente-berrino-sistema-che-va-abolito-immediatamente","status":"publish","type":"post","link":"https:\/\/staging.ivg.it\/2021\/07\/reddito-di-cittadinanza-percepito-abusivamente-berrino-sistema-che-va-abolito-immediatamente\/","title":{"rendered":"Redditi di cittadinanza abusivi, Berrino: &#8220;Sistema che va abolito immediatamente&#8221;"},"content":{"rendered":"<p><strong>Liguria.<\/strong>\u00a0&#8220;La notizia di oggi conferma ci\u00f2 che io e il mio partito sosteniamo da sempre: il reddito di cittadinanza \u00e8 una forma di assistenzialismo fine a s\u00e9 stessa che favorisce i cosiddetti &#8216;furbetti&#8217;, il lavoro nero, che ha risolto la vita solo ai navigator e che va abolito immediatamente&#8221;. L&#8217;assessore regionale al lavoro e alle politiche attive dell&#8217;occupazione di Fratelli d&#8217;Italia Gianni Berrino commenta il <a href=\"https:\/\/www.ivg.it\/2021\/07\/scoperti-oltre-1500-redditi-di-cittadinanza-abusivi-piu-di-tre-milioni-di-versamenti-non-dovuti\/\">fatto di cronaca avvenuto a Genova<\/a> dove oggi la Guardia di Finanza ha scoperto oltre 1.500 persone che percepivano il sussidio senza i requisiti necessari provocando un danno all&#8217;Inps per circa 3,5 milioni di euro.<\/p>\n<p>&#8220;Mi complimento con la GdF per l&#8217;ottimo lavoro: i nostri uffici sono sempre lieti di collaborare per quanto di competenza per ogni informazione \u2013 prosegue Berrino \u2013 Si tratta di un danno che, se non scoperto, avrebbe potuto essere ben pi\u00f9 oneroso per le casse dell&#8217;Inps che fatica gi\u00e0 a pagare le pensioni a tutti coloro che ne hanno legittimamente diritto. Il rdc va sostituito con un sussidio per chi, inabile al lavoro, vive in povert\u00e0: non pu\u00f2 invece continuare ad essere una misura che supporta chi il lavoro lo rifiuta&#8221;.<\/p>\n<p>&#8220;Fratelli d&#8217;Italia \u00e8 l&#8217;unico partito che si sta muovendo per l&#8217;abolizione del reddito di cittadinanza: peccato per\u00f2 che i partiti al Governo abbiano votato in Parlamento contro il suo ordine del giorno che ne chiedeva appunto l&#8217;eliminazione&#8221;, conclude Berrino.<\/p>\n<p>Il capogruppo regionale della Lega Stefano Mai aggiunge: &#8220;Speriamo che a Genova non ci sia un&#8217;organizzazione criminale specializzata in truffe ai danni dello Stato. E&#8217; gravissimo che 1500 stranieri abbiano percepito indebitamente il reddito di cittadinanza, come emerso dall&#8217;inchiesta della Guardia di Finanza riportata oggi dagli organi di stampa. Auspichiamo che la Procura di Genova faccia chiarezza sulla vicenda e in particolare sulle eventuali connivenze e possibili appoggi forniti ai presunti &#8216;furbetti'&#8221;.<\/p>\n<p>&#8220;Secondo quanto riferito dai media, \u00e8 infatti emerso che molti tra questi, privi dei requisiti quali la residenza e il soggiorno sul territorio nazionale per dieci anni, di cui gli ultimi due continuativi, si siano rivolti ai Caf e abbiano potuto presentare ugualmente la domanda. Inoltre, anzich\u00e9 acquistare beni di prima necessit\u00e0, avrebbero monetizzato l&#8217;importo della &#8216;Card&#8217; grazie alla compiacenza di alcuni commercianti del centro storico genovese. Ora bisogner\u00e0 recuperare i 3.458.736 euro che per gli investigatori sono stati indebitamente percepiti e che, senza l&#8217;indagine della Guardia di Finanza, nell&#8217;intero periodo di erogazione (18 mesi) sarebbero lievitati a 11.881.339 euro&#8221;.<\/p>\n","protected":false},"excerpt":{"rendered":"<p>Mai: &#8220;E&#8217; gravissimo che 1500 stranieri abbiano potuto percepire indebitamente il reddito di cittadinanza&#8221;<\/p>\n","protected":false},"author":12120,"featured_media":0,"comment_status":"open","ping_status":"closed","sticky":false,"template":"","format":"standard","meta":{"footnotes":""},"categories":[45296,56],"tags":[107044,112339,75594],"class_list":["post-535432","post","type-post","status-publish","format-standard","hentry","category-copertina","category-altre","tag-fratelli-ditalia-liguria","tag-lega-liguria","tag-reddito-di-cittadinanza","testate-www-genova24-it","post_tag_personaggi-gianni-berrino","post_tag_personaggi-stefano-mai"],"amp_validity":null,"amp_enabled":true,"_links":{"self":[{"href":"https:\/\/staging.ivg.it\/ediapi\/wp\/v2\/posts\/535432","targetHints":{"allow":["GET"]}}],"collection":[{"href":"https:\/\/staging.ivg.it\/ediapi\/wp\/v2\/posts"}],"about":[{"href":"https:\/\/staging.ivg.it\/ediapi\/wp\/v2\/types\/post"}],"author":[{"embeddable":true,"href":"https:\/\/staging.ivg.it\/ediapi\/wp\/v2\/users\/12120"}],"replies":[{"embeddable":true,"href":"https:\/\/staging.ivg.it\/ediapi\/wp\/v2\/comments?post=535432"}],"version-history":[{"count":0,"href":"https:\/\/staging.ivg.it\/ediapi\/wp\/v2\/posts\/535432\/revisions"}],"wp:attachment":[{"href":"https:\/\/staging.ivg.it\/ediapi\/wp\/v2\/media?parent=535432"}],"wp:term":[{"taxonomy":"category","embeddable":true,"href":"https:\/\/staging.ivg.it\/ediapi\/wp\/v2\/categories?post=535432"},{"taxonomy":"post_tag","embeddable":true,"href":"https:\/\/staging.ivg.it\/ediapi\/wp\/v2\/tags?post=535432"}],"curies":[{"name":"wp","href":"https:\/\/api.w.org\/{rel}","templated":true}]}}