{"id":535100,"date":"2021-07-14T13:42:58","date_gmt":"2021-07-14T11:42:58","guid":{"rendered":"https:\/\/www.ivg.it\/?p=535100"},"modified":"2021-07-14T13:42:58","modified_gmt":"2021-07-14T11:42:58","slug":"a-emanuele-gerardi-il-premio-una-vita-per-finale-2021","status":"publish","type":"post","link":"https:\/\/staging.ivg.it\/2021\/07\/a-emanuele-gerardi-il-premio-una-vita-per-finale-2021\/","title":{"rendered":"A Emanuele Gerardi il premio &#8220;Una vita per Finale&#8221; 2021"},"content":{"rendered":"<p><strong>Finale Ligure<\/strong>. Questa mattina, presso i chiostri di Santa Caterina, il sindaco di Finale Ligure Ugo Frascherelli ha consegnato &#8220;con immenso piacere&#8221; una targa ad Emanuele Gerardi, premio &#8220;Una vita per Finale&#8221; 2021.<\/p>\n<p>Questa la motivazione: &#8220;Per l&#8217;amore e la dedizione con le quali ha partecipato e partecipa attivamente alla vita sociale e civile della citt\u00e0, sempre a disposizione della comunit\u00e0 finalese con impegno, onest\u00e0 e passione&#8221;.<\/p>\n","protected":false},"excerpt":{"rendered":"<p>Stamattina a Santa Caterina la premiazione<\/p>\n","protected":false},"author":12120,"featured_media":0,"comment_status":"open","ping_status":"closed","sticky":false,"template":"","format":"standard","meta":{"footnotes":""},"categories":[45296,56,119],"tags":[],"class_list":["post-535100","post","type-post","status-publish","format-standard","hentry","category-copertina","category-altre","category-fotonotizia","post_cat_citta-finale-ligure","post_tag_personaggi-emanuele-gerardi","post_tag_personaggi-ugo-frascherelli"],"amp_validity":null,"amp_enabled":true,"_links":{"self":[{"href":"https:\/\/staging.ivg.it\/ediapi\/wp\/v2\/posts\/535100","targetHints":{"allow":["GET"]}}],"collection":[{"href":"https:\/\/staging.ivg.it\/ediapi\/wp\/v2\/posts"}],"about":[{"href":"https:\/\/staging.ivg.it\/ediapi\/wp\/v2\/types\/post"}],"author":[{"embeddable":true,"href":"https:\/\/staging.ivg.it\/ediapi\/wp\/v2\/users\/12120"}],"replies":[{"embeddable":true,"href":"https:\/\/staging.ivg.it\/ediapi\/wp\/v2\/comments?post=535100"}],"version-history":[{"count":0,"href":"https:\/\/staging.ivg.it\/ediapi\/wp\/v2\/posts\/535100\/revisions"}],"wp:attachment":[{"href":"https:\/\/staging.ivg.it\/ediapi\/wp\/v2\/media?parent=535100"}],"wp:term":[{"taxonomy":"category","embeddable":true,"href":"https:\/\/staging.ivg.it\/ediapi\/wp\/v2\/categories?post=535100"},{"taxonomy":"post_tag","embeddable":true,"href":"https:\/\/staging.ivg.it\/ediapi\/wp\/v2\/tags?post=535100"}],"curies":[{"name":"wp","href":"https:\/\/api.w.org\/{rel}","templated":true}]}}