{"id":535097,"date":"2021-07-14T13:41:34","date_gmt":"2021-07-14T11:41:34","guid":{"rendered":"https:\/\/www.ivg.it\/?p=535097"},"modified":"2021-07-14T13:41:34","modified_gmt":"2021-07-14T11:41:34","slug":"savona-bruno-europa-verde-il-quartiere-che-ospita-il-campus-in-stato-di-degrado","status":"publish","type":"post","link":"https:\/\/staging.ivg.it\/2021\/07\/savona-bruno-europa-verde-il-quartiere-che-ospita-il-campus-in-stato-di-degrado\/","title":{"rendered":"Savona, Bruno (Europa Verde): &#8220;Il quartiere che ospita il campus in stato di degrado&#8221;"},"content":{"rendered":"<p><em>Non me ne vorr\u00e0 la destra al governo in citt\u00e0 e che con l&#8217;asse Toti,Schirru,Santi punta a riprendere la guida di Savona.<\/em><\/p>\n<p><em>Io oggi ho preso il bus n 4 da via Torino e sono sceso all&#8217;altezza della sede Italgas e da l\u00ec ho percorso via Cadorna sul marciapiede opposto allo stadio per raggiungere il Milleluci in via Chiabrera.<\/em><\/p>\n<p><em>Sul percorso ho contato 14 &#8221; stronzi: (escrementi a forma di cilindro&#8221; come dice google) sul marciapiede.<\/em><\/p>\n<p><em>A questo punto ho pensato a dove \u00e8 giunta Savona tra il campo Bacigalupo ridotto ad una sorta di trincea agricola urbana e i marciapiedi in grave stato di desolazione e abbandono.\u00a0<\/em><\/p>\n<p><em>Io credo che sicuramente vi sia una grave risposta di una parte della popolazione e di chi non rispetta le regole della convivenza civile ma,come in tutti gli altri quartieri,\u00a0 vi sia una gravissima situazione di abbandono delle zone periferiche.\u00a0<\/em><\/p>\n<p><em>Legino \u00e8 un quartiere ricco di storia,di socialit\u00e0 e di tante attivit\u00e0 tanto che per un breve periodo fu anche un comune autonomo durante il periodo rivoluzionario francese.<\/em><\/p>\n<p><em>Il quartiere che ospita il campus e ci\u00f2 che resta dello stadio non pu\u00f2 essere ridotto a 14 stronzi su un marciapiede.\u00a0<\/em><\/p>\n<p><em>Spiace doverlo dire ma dinanzi anche al concordato fallimentare di ATA il decoro urbano e l&#8217;educazione civica divengono una forte questione politica.<\/em><\/p>\n<p><em>Io credo che le elezioni comunali ci pongano dinanzi alla necessit\u00e0 di assumere una presa di coscienza collettiva per costruire una nuova cittadinanza politica, pacifista, europeista e democratica.<\/em><\/p>\n<p><strong>Danilo Bruno<\/strong><\/p>\n","protected":false},"excerpt":{"rendered":"<p>L&#8217;analisi del portavoce savonese di Europa Verde <\/p>\n","protected":false},"author":17962,"featured_media":0,"comment_status":"open","ping_status":"closed","sticky":false,"template":"","format":"standard","meta":{"footnotes":""},"categories":[45296,120],"tags":[107921],"class_list":["post-535097","post","type-post","status-publish","format-standard","hentry","category-copertina","category-lettere","tag-savona-2021","post_cat_citta-savona","post_tag_personaggi-danilo-bruno"],"amp_validity":null,"amp_enabled":true,"_links":{"self":[{"href":"https:\/\/staging.ivg.it\/ediapi\/wp\/v2\/posts\/535097","targetHints":{"allow":["GET"]}}],"collection":[{"href":"https:\/\/staging.ivg.it\/ediapi\/wp\/v2\/posts"}],"about":[{"href":"https:\/\/staging.ivg.it\/ediapi\/wp\/v2\/types\/post"}],"author":[{"embeddable":true,"href":"https:\/\/staging.ivg.it\/ediapi\/wp\/v2\/users\/17962"}],"replies":[{"embeddable":true,"href":"https:\/\/staging.ivg.it\/ediapi\/wp\/v2\/comments?post=535097"}],"version-history":[{"count":0,"href":"https:\/\/staging.ivg.it\/ediapi\/wp\/v2\/posts\/535097\/revisions"}],"wp:attachment":[{"href":"https:\/\/staging.ivg.it\/ediapi\/wp\/v2\/media?parent=535097"}],"wp:term":[{"taxonomy":"category","embeddable":true,"href":"https:\/\/staging.ivg.it\/ediapi\/wp\/v2\/categories?post=535097"},{"taxonomy":"post_tag","embeddable":true,"href":"https:\/\/staging.ivg.it\/ediapi\/wp\/v2\/tags?post=535097"}],"curies":[{"name":"wp","href":"https:\/\/api.w.org\/{rel}","templated":true}]}}