{"id":535059,"date":"2021-07-14T10:51:36","date_gmt":"2021-07-14T08:51:36","guid":{"rendered":"https:\/\/www.ivg.it\/?p=535059"},"modified":"2021-07-14T10:51:36","modified_gmt":"2021-07-14T08:51:36","slug":"covid-e-ansia-la-ricerca-due-savonesi-su-tre-pensano-di-rivolgersi-a-uno-psicologo-o-a-uno-psicoterapeuta","status":"publish","type":"post","link":"https:\/\/staging.ivg.it\/2021\/07\/covid-e-ansia-la-ricerca-due-savonesi-su-tre-pensano-di-rivolgersi-a-uno-psicologo-o-a-uno-psicoterapeuta\/","title":{"rendered":"Covid e ansia, la ricerca: &#8220;Due savonesi su tre pensano di rivolgersi a uno psicologo o a uno psicoterapeuta&#8221;"},"content":{"rendered":"<p><strong>Savona<\/strong>. &#8220;La pandemia ha lasciato importanti strascichi psicologici nei savonesi e ha aggiunto un carico da novanta su molte altre situazioni di ansia, stress e difficolt\u00e0 personali, al punto che ben <strong>due su tre (67%)<\/strong> guardano oltre e <strong>pensano che potrebbe essere utile rivolgersi a uno psicologo o psicoterapeuta<\/strong> per migliorare la condizione mentale e gestire certe situazioni complesse&#8221;.<\/p>\n<p>A evidenziarlo \u00e8 l\u2019<strong>ultima ricerca dell\u2019Osservatorio Reale Mutua sul welfare<\/strong>, che ha raccolto i dati su\u00a0un campione rappresentativo della popolazione italiana per quote d\u2019et\u00e0, genere ed area geografica.<\/p>\n<p>&#8220;\u00c8 l\u2019<strong>ansia<\/strong> la <strong>prima ragione che porterebbe gli abitanti di Savona dallo psicologo (20%)<\/strong>, condizione in questo momento prioritaria rispetto a tutto il resto &#8211; spiegano dall&#8217;osservatorio -. Ci sono <strong>poi le dinamiche legate all\u2019attivit\u00e0 lavorativa (14%), gli aspetti caratteriali e della personalit\u00e0 (12%) e i problemi di coppia (12%).<\/strong> Ma non \u00e8 facile riconoscere di avere un bisogno di questo tipo, n\u00e9 lo \u00e8 parlare di s\u00e9 e aprirsi su certi argomenti: per molti, insomma, lo psicologo resta ancora un tab\u00f9. Questione, ammettono gli stessi savonesi, di <strong>imbarazzo (41%)<\/strong> ma anche di <strong>poca sensibilit\u00e0 al tema (16%) e<\/strong> una certa tendenza a sottovalutare l\u2019importanza della sfera mentale nella propria vita (14%)&#8221;.<\/p>\n<p>Con l\u2019aumentare dei bisogni, per\u00f2, cresce anche la sensibilit\u00e0 a questi temi: &#8220;Ben <strong>uno su tre (33%) vorrebbe che fosse il datore di lavoro a mettere a disposizione lo psicologo<\/strong> come forma di welfare aziendale. Se \u00e8 necessario un cambio culturale (31%) che aumenti ancora di pi\u00f9 l\u2019attenzione verso gli aspetti della vita mentale, molti vorrebbero anche una maggiore presenza di psicologi e psicoterapeuti in ospedali, cliniche e ambulatori (20%)&#8221; rivela la ricerca.<\/p>\n<p>E c\u2019\u00e8 chi pensa che persino la tecnologia possa aiutare a superare certe barriere e incentivare il ricorso a questi professionisti grazie ai &#8220;servizi di <strong>videoconsulto (12%), che si possono fare comodamente da remoto.<\/strong> La relazione che si instaura col professionista \u00e8 il fattore pi\u00f9 importante (47%), segue la possibilit\u00e0 di contenere i costi della prestazione (16%) e di ridurre i tempi di attesa (12%)&#8221;.<\/p>\n<p>\u201cLa crescente attenzione al benessere mentale \u00e8 un aspetto molto importante per la vita privata, sociale e lavorativa di ciascuno, e un trend probabilmente destinato ad aumentare ancora nel prossimo futuro&#8221; conclude Michele Quaglia, direttore commerciale e brand di gruppo.<\/p>\n","protected":false},"excerpt":{"rendered":"<p>Osservatorio Reale Mutua: &#8220;Ansia prima ragione che porterebbe gli abitanti di Savona dallo psicologo (20%), seguono le dinamiche legate all\u2019attivit\u00e0 lavorativa (14%), gli aspetti caratteriali e della personalit\u00e0 (12%) e i problemi di coppia (12%)&#8221;<\/p>\n","protected":false},"author":18838,"featured_media":0,"comment_status":"open","ping_status":"closed","sticky":false,"template":"","format":"standard","meta":{"footnotes":""},"categories":[56],"tags":[113785],"class_list":["post-535059","post","type-post","status-publish","format-standard","hentry","category-altre","tag-covid","post_cat_citta-savona"],"amp_validity":null,"amp_enabled":true,"_links":{"self":[{"href":"https:\/\/staging.ivg.it\/ediapi\/wp\/v2\/posts\/535059","targetHints":{"allow":["GET"]}}],"collection":[{"href":"https:\/\/staging.ivg.it\/ediapi\/wp\/v2\/posts"}],"about":[{"href":"https:\/\/staging.ivg.it\/ediapi\/wp\/v2\/types\/post"}],"author":[{"embeddable":true,"href":"https:\/\/staging.ivg.it\/ediapi\/wp\/v2\/users\/18838"}],"replies":[{"embeddable":true,"href":"https:\/\/staging.ivg.it\/ediapi\/wp\/v2\/comments?post=535059"}],"version-history":[{"count":0,"href":"https:\/\/staging.ivg.it\/ediapi\/wp\/v2\/posts\/535059\/revisions"}],"wp:attachment":[{"href":"https:\/\/staging.ivg.it\/ediapi\/wp\/v2\/media?parent=535059"}],"wp:term":[{"taxonomy":"category","embeddable":true,"href":"https:\/\/staging.ivg.it\/ediapi\/wp\/v2\/categories?post=535059"},{"taxonomy":"post_tag","embeddable":true,"href":"https:\/\/staging.ivg.it\/ediapi\/wp\/v2\/tags?post=535059"}],"curies":[{"name":"wp","href":"https:\/\/api.w.org\/{rel}","templated":true}]}}