{"id":534713,"date":"2021-07-10T19:58:11","date_gmt":"2021-07-10T17:58:11","guid":{"rendered":"https:\/\/www.ivg.it\/?p=534713"},"modified":"2021-07-10T19:58:11","modified_gmt":"2021-07-10T17:58:11","slug":"flash-mob-a-savona-iene-vegane-a-testa-in-giu-contro-la-macellazione-degli-animali","status":"publish","type":"post","link":"https:\/\/staging.ivg.it\/2021\/07\/flash-mob-a-savona-iene-vegane-a-testa-in-giu-contro-la-macellazione-degli-animali\/","title":{"rendered":"Flash Mob a Savona, Iene Vegane &#8220;a testa in gi\u00f9&#8221; contro la macellazione degli animali"},"content":{"rendered":"<p><strong>Savona.<\/strong> Domenica 11 luglio in Piazza Guido Rossa a Savona, dalle 16 alle 19, si rappresenter\u00e0 un flash mob intitolato &#8220;A testa in gi\u00f9&#8221;, dove in maniera sintetica si racconter\u00e0 il destino degli animali nei mattatoi: una figurante si appender\u00e0 appunto a testa in gi\u00f9, cos\u00ec come vengono messi di solito gli animali per essere uccisi. Verr\u00e0 anche spiegata la vita degli stessi all&#8217;interno di queste strutture e l&#8217;impatto che tutto ci\u00f2 ha sul nostro pianeta.<\/p>\n<p>&#8220;La protesta sar\u00e0 strutturata in modo da rappresentare il momento in cui l&#8217;animale viene sgozzato &#8211; spiegano dalla Onlus Iene Vegane &#8211;\u00a0Un attivista sar\u00e0 appeso a testa in gi\u00f9 in modo da riprodurre l&#8217;animale appeso nel momento in cui gli viene tagliata la gola. Quando l&#8217;animale giunge al mattatoio \u00e8 consapevole di ci\u00f2 che gli sta per accadere perch\u00e9, oltre che a sentire le grida dei propri simili, vede ci\u00f2 che capita a quello del turno precedente. Inoltre quando viene ucciso quest&#8217;ultimo \u00e8 pienamente cosciente perch\u00e9 il sangue deve defluire tramite arterie e cuore pulsanti&#8221;.<\/p>\n<p>&#8220;Non di seconda importanza &#8211; proseguono &#8211; \u00e8 l&#8217;impatto ambientale riguardo alle emissioni di gas serra, come metano e anidride carbonica, provenienti dall&#8217;allevamento e la distribuzione delle risorse primarie per attenuare il problema della fame del mondo&#8221;.<\/p>\n<p>Iene Vegane, costituitasi onlus di recente, \u00e8 un&#8217; Associazione di attivisti animalisti antispecisti vegani che impegnano tempo, energie e cuore per essere &#8220;la Voce di chi non ha Voce&#8221;. Il gruppo, guidato da Alessandra Di Lenge e Paolo Diaz, \u00e8 presente come Movimento dal 2016 ed \u00e8 divenuto Associazione nel 2018.<\/p>\n<p>&#8220;Le modalit\u00e0 del Gruppo sono decise, pacifiche e non violente, per cui non sono gradite ingerenze da parte di altre modalit\u00e0 di attivismo che vengono ritenute controproducenti &#8211; chiariscono &#8211; Ai partecipanti si chiede di riflettere sui contenuti e decidere, in caso positivo, di impegnarsi per la crescita dell&#8217;associazione&#8221;.\u00a0Le attivit\u00e0 dell&#8217;associazione sono numerose: presidi e performance, proiezione del film Dominion, diffusione di video, indagini, veglie, cene benefit, raccolta firme, eccetera.<\/p>\n","protected":false},"excerpt":{"rendered":"<p>Si terr\u00e0 domani, domenica 11 luglio, in piazza Guido Rossa a Savona dalle 16 alle 19<\/p>\n","protected":false},"author":10593,"featured_media":0,"comment_status":"open","ping_status":"closed","sticky":false,"template":"","format":"standard","meta":{"footnotes":""},"categories":[45296,56,57713],"tags":[120102],"class_list":["post-534713","post","type-post","status-publish","format-standard","hentry","category-copertina","category-altre","category-animali","tag-iene-vegane","post_cat_citta-savona"],"amp_validity":null,"amp_enabled":true,"_links":{"self":[{"href":"https:\/\/staging.ivg.it\/ediapi\/wp\/v2\/posts\/534713","targetHints":{"allow":["GET"]}}],"collection":[{"href":"https:\/\/staging.ivg.it\/ediapi\/wp\/v2\/posts"}],"about":[{"href":"https:\/\/staging.ivg.it\/ediapi\/wp\/v2\/types\/post"}],"author":[{"embeddable":true,"href":"https:\/\/staging.ivg.it\/ediapi\/wp\/v2\/users\/10593"}],"replies":[{"embeddable":true,"href":"https:\/\/staging.ivg.it\/ediapi\/wp\/v2\/comments?post=534713"}],"version-history":[{"count":0,"href":"https:\/\/staging.ivg.it\/ediapi\/wp\/v2\/posts\/534713\/revisions"}],"wp:attachment":[{"href":"https:\/\/staging.ivg.it\/ediapi\/wp\/v2\/media?parent=534713"}],"wp:term":[{"taxonomy":"category","embeddable":true,"href":"https:\/\/staging.ivg.it\/ediapi\/wp\/v2\/categories?post=534713"},{"taxonomy":"post_tag","embeddable":true,"href":"https:\/\/staging.ivg.it\/ediapi\/wp\/v2\/tags?post=534713"}],"curies":[{"name":"wp","href":"https:\/\/api.w.org\/{rel}","templated":true}]}}