{"id":53458,"date":"2009-03-19T11:02:13","date_gmt":"2009-03-19T10:02:13","guid":{"rendered":"http:\/\/www.ivg.it\/?p=53458"},"modified":"2009-03-19T16:35:04","modified_gmt":"2009-03-19T15:35:04","slug":"scuole-savonesi-flc-cgil-il-5-in-condotta-e-misura-propagandistica","status":"publish","type":"post","link":"https:\/\/staging.ivg.it\/2009\/03\/scuole-savonesi-flc-cgil-il-5-in-condotta-e-misura-propagandistica\/","title":{"rendered":"Scuole savonesi, Flc Cgil: &#8220;Il 5 in condotta \u00e8 misura propagandistica&#8221;"},"content":{"rendered":"<p><strong>[thumb:9552:l]Provincia<\/strong>. Nelle scuole della provincia di Savona l&#8217;adesione allo sciopero nazionale, indetto contro i tagli del governo sugli organici del personale, \u00e8 stata mediamente del 35%. Non concorre alla statistica il complesso degli istituti di Savona, ieri in festa per la celebrazione patronale. La protesta era indirizzata anche contro la destrutturazione del contratto nazionale e l&#8217;accordo separato sul modello contrattuale. Il dato dell&#8217;adesione su base regionale, reso noto dal Dipartimento della Funzione Pubblica, \u00e8 pari al 20,79%.<\/p>\n<p>Gli aderenti alla Federazione dei lavoratori della conoscenza della Cgil chiedono organici stabili e funzionali all&#8217;offerta formativa, un piano triennale di assunzioni, il ripristino dei finanziamenti e maggiori tutele per la libert\u00e0 di insegnamento. Alle 17 di questo pomeriggio, in piazza Sisto IV, la Flc Cgil far\u00e0 il punto sull&#8217;istruzione pubblica incontrando gli studenti, in vista della manifestazione nazionale del 4 aprile al Circo Massimo di Roma.<\/p>\n<p>&#8220;Parleremo con i ragazzi, ma senza strumentalizzazioni &#8211; precisa Gianni Cazzola, segretario della Flc Cgil Savona &#8211; Siamo molto attenti a non fare forzature, ma a spiegare le caratteristiche di questo momento delicato che sta attraversando la scuola italiana. Proseguir\u00e0 inoltre presso il nostro gazebo in piazza la raccolta di firme tra i docenti per il referendum sull&#8217;accordo contrattuale&#8221;.<\/p>\n<p>A fare discutere insegnanti e discenti \u00e8 anche la recente conferma del ministro Mariastella Gelmini sul voto in condotta: anche con un solo 5 i ragazzi non saranno ammessi all&#8217;esame di maturit\u00e0. Per la Gelmini &#8220;l&#8217;egualitarismo e il livellamento che c&#8217;\u00e8 stato fino ad oggi \u00e8 figlio della cultura del &#8217;68&#8221;. &#8220;Non ci sentiamo di potere confermare questo egualitarismo nel futuro &#8211; ha dichiarato il ministro &#8211; Andiamo verso una scuola in cui ci siano responsabilit\u00e0 e merito&#8221;.<\/p>\n<p>Ma insieme alle insufficienze sui registri fioccano anche le polemiche. In alcuni casi, per effetto del ritardo con il quale \u00e8 stato divulgato il provvedimento, sono state attribuiti votacci in condotta &#8220;non dovuti&#8221; e le organizzazioni studentesche parlano di scuole in preda alla confusione. &#8220;Quella del 5 in condotta che preclude l&#8217;esame di maturit\u00e0 \u00e8 una misura propagandistica &#8211; sostiene Gianni Cazzola &#8211; che ci vede alquanto perplessi. Non si pu\u00f2 certo limitare la libert\u00e0 di espressione degli studenti o la loro partecipazione ad assemblee e iniziative di mobilitazione&#8221;.<\/p>\n<p>&#8220;Ci sono sicuramente problemi di gestione dei ragazzi &#8211; prosegue il segretario territoriale della Flc Cgil &#8211; ma l&#8217;insistenza sul voto in condotta \u00e8 demagogico rispetto a fenomeni davvero problematici come il bullismo, contro i quali non vengono adottati provvedimenti efficaci. Si vuole dare una falsa immagine di severit\u00e0 alle famiglie, quando dietro alle manovre c&#8217;\u00e8 un programma per smantellare la scuola pubblica&#8221;.<\/p>\n","protected":false},"excerpt":{"rendered":"<p>[thumb:9552:l]Provincia. Nelle scuole della provincia di Savona l&#8217;adesione allo sciopero nazionale, indetto contro i tagli del governo sugli organici del personale, \u00e8 stata mediamente del 35%. Non concorre alla statistica il complesso degli istituti di Savona, ieri in festa per la celebrazione patronale. La protesta era indirizzata anche contro la destrutturazione del contratto nazionale e [&hellip;]<\/p>\n","protected":false},"author":5,"featured_media":0,"comment_status":"open","ping_status":"closed","sticky":false,"template":"","format":"standard","meta":{"footnotes":""},"categories":[31],"tags":[4751,6882,7694,3674,7695,2152,199,654],"class_list":["post-53458","post","type-post","status-publish","format-standard","hentry","category-politica","tag-condotta","tag-flc-cgil","tag-gianni-cazzola","tag-maria-stella-gelmini","tag-maturita","tag-sciopero","tag-scuola","tag-studenti","post_cat_citta-andora","post_cat_citta-savona"],"amp_validity":null,"amp_enabled":true,"_links":{"self":[{"href":"https:\/\/staging.ivg.it\/ediapi\/wp\/v2\/posts\/53458","targetHints":{"allow":["GET"]}}],"collection":[{"href":"https:\/\/staging.ivg.it\/ediapi\/wp\/v2\/posts"}],"about":[{"href":"https:\/\/staging.ivg.it\/ediapi\/wp\/v2\/types\/post"}],"author":[{"embeddable":true,"href":"https:\/\/staging.ivg.it\/ediapi\/wp\/v2\/users\/5"}],"replies":[{"embeddable":true,"href":"https:\/\/staging.ivg.it\/ediapi\/wp\/v2\/comments?post=53458"}],"version-history":[{"count":0,"href":"https:\/\/staging.ivg.it\/ediapi\/wp\/v2\/posts\/53458\/revisions"}],"wp:attachment":[{"href":"https:\/\/staging.ivg.it\/ediapi\/wp\/v2\/media?parent=53458"}],"wp:term":[{"taxonomy":"category","embeddable":true,"href":"https:\/\/staging.ivg.it\/ediapi\/wp\/v2\/categories?post=53458"},{"taxonomy":"post_tag","embeddable":true,"href":"https:\/\/staging.ivg.it\/ediapi\/wp\/v2\/tags?post=53458"}],"curies":[{"name":"wp","href":"https:\/\/api.w.org\/{rel}","templated":true}]}}