{"id":533874,"date":"2021-07-05T08:24:56","date_gmt":"2021-07-05T06:24:56","guid":{"rendered":"https:\/\/www.ivg.it\/?p=533874"},"modified":"2021-07-05T14:14:11","modified_gmt":"2021-07-05T12:14:11","slug":"covid-la-liguria-non-si-ferma-giovedi-lopen-night-per-vaccinarsi-senza-prenotazione","status":"publish","type":"post","link":"https:\/\/staging.ivg.it\/2021\/07\/covid-la-liguria-non-si-ferma-giovedi-lopen-night-per-vaccinarsi-senza-prenotazione\/","title":{"rendered":"Covid, la Liguria non si ferma: gioved\u00ec l&#8217;open night per vaccinarsi senza prenotazione"},"content":{"rendered":"<p><strong>Liguria<\/strong>. Quello dell\u2019Asl2 era partito come un <a href=\"https:\/\/www.ivg.it\/2021\/06\/vaccino-pfizer-diventa-free-a-savona-tutti-al-palacrociere-senza-prenotazione\/\">esperimento pilota<\/a>, in caso di risposta positiva, ci sarebbero stati <em>open day<\/em> Pfizer e Moderna per tutta la Liguria nel fine settimana. E cos\u00ec \u00e8 stato. Sono, infatti, quasi <strong>8mila i liguri<\/strong> che si sono sottoposti alla prima dose durante le giornate dedicate alle vaccinazioni senza prenotazioni.<\/p>\n<p>\u201cUn grande successo, un tassello importante nel fondamentale percorso per raggiungere l&#8217;immunit\u00e0 di gregge e andare definitivamente oltre la pandemia&#8221;, ha commentato il presidente di Regione Liguria Giovanni Toti facendo il punto sulla situazione Coronavirus e vaccini.<\/p>\n<p>In totale nel Savonese, durante i 4 giorni di <em>open day<\/em> conclusi nella serata di venerd\u00ec all&#8217;hub del Palacrociere di Savona, le dosi somministrate sono state 1581.<\/p>\n<p>Per quanto riguarda il resto della Liguria, nel dettaglio, domenica le dosi somministrate sono state:<br \/>\n\u2022 in Asl1: 240 al Palasalute di Imperia e 330 all&#8217;hub vaccinale di Taggia;<br \/>\n\u2022 in Asl3: 1620 all&#8217;hub della Fiera del Mare di Genova<br \/>\n\u2022 in Asl4: 280 all&#8217;hub militare di Chiavari (che anche oggi prolunga l&#8217;attivit\u00e0 fino alle 22)<br \/>\n\u2022 in Asl5: 560 all&#8217;hub ex Fitram alla Spezia e 420 all&#8217;hub di Sarzana presso l&#8217;ospedale San Bartolomeo<\/p>\n<p>Che vanno a sommarsi con i numeri di sabato:<br \/>\n\u2022 in Asl1: 189 al Palasalute di Imperia e 246 all&#8217;hub vaccinale di Taggia;<br \/>\n\u2022 in Asl3: 1308 all&#8217;hub della Fiera del Mare di Genova<br \/>\n\u2022 in Asl4: 320 all&#8217;hub militare di Chiavari<br \/>\n\u2022 in Asl5: 420 all&#8217;hub ex Fitram alla Spezia e 405 all&#8217;hub di Sarzana presso l&#8217;ospedale San Bartolomeo<\/p>\n<p>A Genova in particolare nella giornata di sabato <a href=\"https:\/\/www.genova24.it\/2021\/07\/vaccino-oggi-alla-fiera-il-primo-open-day-pfizer-e-la-prossima-settimana-arriva-la-open-night-267150\/\">l&#8217;hub della Fiera \u00e8 stato preso letteralmente d&#8217;assalto<\/a> da chi ha scelto di anticipare la vaccinazione e nella giornata di domenica le 1500 dosi sono andate esaurite in mattinata.<\/p>\n<p>&#8220;Presenteremo gli open night nelle prossime ore, <strong>sar\u00e0 una serata prevista gioved\u00ec 8 luglio in cinque hub vaccinali su tutto il territorio<\/strong>, durante la quale incentiveremo la voglia di vaccinarsi di quelle categorie che pi\u00f9 timidamente si avvicinano al vaccino. Abbiamo invitato anche il generale Figliuolo, mi farebbe piacere che ci fosse, sarebbe un bel segnale. Il Generale \u00e8 un punto di riferimento di questa campagna vaccinale, ha fatto bene, si \u00e8 mosso con grande equilibrio, \u00e8 un interlocutore prezioso per le regioni. Se ci sar\u00e0 anche lui a fare un appello affinch\u00e9 tutti si vaccinino e si vaccinino in tempo breve, sar\u00e0 un arricchimento per la serata&#8221;. Lo ha detto il presidente di Regione Liguria <strong>Giovanni Toti<\/strong> a margine della presentazione del waterfront di levante.<\/p>\n<p>&#8220;Come Regione Liguria anche questa settimana \u2013 ha concluso Toti- abbiamo chiuso con oltre 80.000 vaccini somministrati, un risultato importante a testimonianza che stiamo marciando. Abbiamo davanti a noi alcune settimane per arrivare a una copertura vaccinale molto importante, sono molto ottimista&#8221;.<\/p>\n","protected":false},"excerpt":{"rendered":"<p>&#8220;Presenteremo gli open night nelle prossime ore, sar\u00e0 una serata prevista gioved\u00ec 8 luglio in cinque hub vaccinali su tutto il territorio&#8221;<\/p>\n","protected":false},"author":19447,"featured_media":0,"comment_status":"open","ping_status":"closed","sticky":false,"template":"","format":"standard","meta":{"footnotes":""},"categories":[45296,56],"tags":[113785,116179],"class_list":["post-533874","post","type-post","status-publish","format-standard","hentry","category-copertina","category-altre","tag-covid","tag-vaccino-covid"],"amp_validity":null,"amp_enabled":true,"_links":{"self":[{"href":"https:\/\/staging.ivg.it\/ediapi\/wp\/v2\/posts\/533874","targetHints":{"allow":["GET"]}}],"collection":[{"href":"https:\/\/staging.ivg.it\/ediapi\/wp\/v2\/posts"}],"about":[{"href":"https:\/\/staging.ivg.it\/ediapi\/wp\/v2\/types\/post"}],"author":[{"embeddable":true,"href":"https:\/\/staging.ivg.it\/ediapi\/wp\/v2\/users\/19447"}],"replies":[{"embeddable":true,"href":"https:\/\/staging.ivg.it\/ediapi\/wp\/v2\/comments?post=533874"}],"version-history":[{"count":0,"href":"https:\/\/staging.ivg.it\/ediapi\/wp\/v2\/posts\/533874\/revisions"}],"wp:attachment":[{"href":"https:\/\/staging.ivg.it\/ediapi\/wp\/v2\/media?parent=533874"}],"wp:term":[{"taxonomy":"category","embeddable":true,"href":"https:\/\/staging.ivg.it\/ediapi\/wp\/v2\/categories?post=533874"},{"taxonomy":"post_tag","embeddable":true,"href":"https:\/\/staging.ivg.it\/ediapi\/wp\/v2\/tags?post=533874"}],"curies":[{"name":"wp","href":"https:\/\/api.w.org\/{rel}","templated":true}]}}