{"id":533858,"date":"2021-07-04T23:36:57","date_gmt":"2021-07-04T21:36:57","guid":{"rendered":"https:\/\/www.ivg.it\/?p=533858"},"modified":"2021-07-05T03:01:50","modified_gmt":"2021-07-05T01:01:50","slug":"stephan-el-shaarawy-academy-tanti-sorrisi-e-un-pizzico-di-emozione-per-il-ritorno-del-faraone-a-savona","status":"publish","type":"post","link":"https:\/\/staging.ivg.it\/2021\/07\/stephan-el-shaarawy-academy-tanti-sorrisi-e-un-pizzico-di-emozione-per-il-ritorno-del-faraone-a-savona\/","title":{"rendered":"Stephan El Shaarawy Academy, tanti sorrisi e un pizzico di emozione per il ritorno del Faraone a Savona"},"content":{"rendered":"<p>Legino.<strong> &#8220;Perch\u00e8 si torna sempre dove si \u00e8 stati bene&#8221;<\/strong>: \u00e8 anche tramite le celebri note della splendida canzone di Chiara Galeazzo che \u00e8 possibile raccontare in maniera esaustiva <strong>il ritrovato approdo di Stephan El Shaarawy all&#8217;ombra della Torretta<\/strong>. Un rapporto, quello tra Savona ed il calciatore cresciuto proprio tra le vie della citt\u00e0 capoluogo di provincia, che non ha mai smesso di ardere il quale adesso subir\u00e0 un&#8217;ulteriore impennata. Questo accadr\u00e0 proprio per merito dell&#8217;<strong>academy, nata da una collaborazione tra il giocatore italo-egiziano e la societ\u00e0 del Legino.<\/strong><\/p>\n<p>Quella odierna \u00e8 stata quindi una <strong>giornata che ha regalato<\/strong> non poche <strong>emozioni<\/strong> a coloro i quali hanno visto muovere al Faraone i propri primi passi passi calcistici. <strong>\u00c8 doveroso<\/strong> infatti <strong>ricordare che il talento di El Shaarawy inizi\u00f2 a brillare proprio in occasione delle prime apparizioni al Ruffinengo<\/strong>; sempre migliore in campo in tornei e campionati provinciali, il classe &#8217;92 attir\u00f2 su di s\u00e9 l&#8217;attenzione di diversi club di rilievo, con il Genoa abile a bruciare la concorrenza per assicurarsi il talento savonese.<\/p>\n<p>Nel frattempo Padova, Milan, Monaco, Roma, Shanghai Shenhua e poi proprio il ritorno nella Capitale, questo il percorso che ha permesso al <strong>Faraone<\/strong> di diventare un <strong>giocatore di fama internazionale<\/strong> affermandosi anche con la casacca della nazionale. Sicuramente tutto ci\u00f2 ha aggiunto ulteriore prestigio all&#8217;iniziativa odierna con <strong>il calciatore<\/strong> che, appena terminate le vacanze greche, <strong>ha scelto di recarsi nella propria citt\u00e0 natale per raccontare cosa lo ha spinto ad investire nella collaborazione instaurata con la societ\u00e0 che lo lanci\u00f2<\/strong>, il Legino 1910.<\/p>\n<p>Diversi sono stati gli interventi durante la conferenza stampa di presentazione, con <strong>El Shaarawy<\/strong> che successivamente alle parole del presidente Carella <strong>ha dichiarato: &#8220;Sono sempre un po&#8217; emozionato quando torno qui a Legino, sento questa societ\u00e0 come la mia casa<\/strong> e non posso fare altro se non ringraziare chi mi ha cresciuto a livello umano e calcistico.&#8221;<\/p>\n<p>In seguito il numero 92 della Roma ha parlato del progetto nato in collaborazione con la squadra che lo ha lanciato, un <strong>potenziamento del settore giovanile<\/strong> che porter\u00e0 il suo nome il quale \u00e8 stato definito come un&#8217;<strong>iniziativa che lo rende molto orgoglioso e felice<\/strong>, questo anche perch\u00e8 verr\u00e0 seguita da persone competenti e, stando alle sue parole, umanamente ineccepibili.<\/p>\n<p>El Shaarawy ha poi scelto dare un <strong>consiglio ai ragazzi i quali tenteranno di eguagliarlo<\/strong>, queste le sue parole: <strong>&#8220;Credo che la cosa pi\u00f9 importante sia avere sempre fame<\/strong>, porsi degli obiettivi tentando di perseguirli con umilt\u00e0. Questo ovviamente va fatto senza esaltarsi nei momenti positivi e senza fare drammi quando si presentano delle fasi negative, \u00e8 necessario trovare un giusto equilibrio non perdendo mai di vista la propria voglia di arrivare.&#8221;<\/p>\n<p><strong>Modestia, passione ed un po&#8217; di emozione<\/strong>, \u00e8 terminata in questa maniera l&#8217;inaugurazione della Stephan El Shaarawy Academy con il Faraone che, anche senza il pallone tra i piedi, ha saputo ergersi ad assoluto protagonista dell&#8217;evento.<\/p>\n","protected":false},"excerpt":{"rendered":"<p>Il talento della Roma, ex tra le altre di Milan e Genoa, ha partecipato all\u2019inaugurazione dell\u2019academy creata in collaborazione con il Legino<\/p>\n","protected":false},"author":18816,"featured_media":0,"comment_status":"open","ping_status":"closed","sticky":false,"template":"","format":"standard","meta":{"footnotes":""},"categories":[45296,182,32],"tags":[106328,119995],"class_list":["post-533858","post","type-post","status-publish","format-standard","hentry","category-copertina","category-calcio","category-sport","tag-legino-1910","tag-stephan-el-shaarawy-academy","testate-www-genova24-it","post_cat_citta-savona","post_tag_personaggi-stephan-el-shaarawy"],"amp_validity":null,"amp_enabled":true,"_links":{"self":[{"href":"https:\/\/staging.ivg.it\/ediapi\/wp\/v2\/posts\/533858","targetHints":{"allow":["GET"]}}],"collection":[{"href":"https:\/\/staging.ivg.it\/ediapi\/wp\/v2\/posts"}],"about":[{"href":"https:\/\/staging.ivg.it\/ediapi\/wp\/v2\/types\/post"}],"author":[{"embeddable":true,"href":"https:\/\/staging.ivg.it\/ediapi\/wp\/v2\/users\/18816"}],"replies":[{"embeddable":true,"href":"https:\/\/staging.ivg.it\/ediapi\/wp\/v2\/comments?post=533858"}],"version-history":[{"count":0,"href":"https:\/\/staging.ivg.it\/ediapi\/wp\/v2\/posts\/533858\/revisions"}],"wp:attachment":[{"href":"https:\/\/staging.ivg.it\/ediapi\/wp\/v2\/media?parent=533858"}],"wp:term":[{"taxonomy":"category","embeddable":true,"href":"https:\/\/staging.ivg.it\/ediapi\/wp\/v2\/categories?post=533858"},{"taxonomy":"post_tag","embeddable":true,"href":"https:\/\/staging.ivg.it\/ediapi\/wp\/v2\/tags?post=533858"}],"curies":[{"name":"wp","href":"https:\/\/api.w.org\/{rel}","templated":true}]}}