{"id":533522,"date":"2021-07-02T15:37:13","date_gmt":"2021-07-02T13:37:13","guid":{"rendered":"http:\/\/www.ivg.it\/?p=533522"},"modified":"2021-09-10T13:26:22","modified_gmt":"2021-09-10T11:26:22","slug":"spettacoli-incontri-letterari-mostre-darte-sport-un-giovevole-fine-settimana-di-eventi-in-provincia","status":"publish","type":"post","link":"https:\/\/staging.ivg.it\/2021\/07\/spettacoli-incontri-letterari-mostre-darte-sport-un-giovevole-fine-settimana-di-eventi-in-provincia\/","title":{"rendered":"Spettacoli, incontri letterari, mostre d&#8217;arte, sport: un giovevole fine settimana di eventi in provincia"},"content":{"rendered":"<p>Il 3 luglio 1938 in Inghilterra una locomotiva a vapore Mallard raggiunse i 203 km\/h: fu record del mondo di velocit\u00e0. Anche la locomotiva dell&#8217;estate 2021 viaggia pi\u00f9 spedita che mai e con il suo incessante ritmo ci conduce sui sicuri binari del divertimento e del relax: <a href=\"http:\/\/www.ivg.it\/cosa-fare-savona\/\">tutti gli eventi<\/a> della ferrovia di questo primo fine settimana di luglio sono ciascuno una fornita stazione in cui non possiamo rinunciare a fermarci per soddisfare appieno la nostra voglia di stare all&#8217;aria aperta.<\/p>\n<p>Sabato a <strong>Savona<\/strong> il trio formato da Peppe Frana, Silvia De Rosso e Paola Cialdella chiuder\u00e0 la rassegna &#8220;La Voce e Il Tempo&#8221; con il concerto <a href=\"https:\/\/www.ivg.it\/evento\/il-suono-dipinto-a-savona-un-concerto-con-strumenti-ispirati-alle-antiche-rappresentazioni-pittoriche\/\">&#8220;Il suono dipinto&#8221;<\/a>, che offrir\u00e0 composizioni vocali affiancati a brani strumentali e danze. Nel programma spiccano autori del Tre e Quattrocento mentre gli strumenti presentati sono un chitarrino ricostruito dall&#8217;affresco &#8220;Paradiso&#8221; di Giusto De&#8217; Menabuoi a Padova, un liuto dal &#8220;Trittico della Famiglia Sedano&#8221; di Gerard David a Parigi e una viella dalla &#8220;Madonna con il Bambino e angeli musicanti&#8221; di Benedetto Bonfigli in Umbria.<\/p>\n<p>Domenica a <strong>Ceriale<\/strong> si svolger\u00e0 il primo <a href=\"https:\/\/www.ivg.it\/evento\/ceriale-il-trio-la-follia-apre-i-concerti-allalba-della-rassegna-momenti-musicali\/\">concerto all\u2019alba<\/a> della rassegna di classica &#8220;Momenti Musicali&#8221;, organizzato con la direzione artistica di Loredana Cardona. Il Trio La Follia, composto da Loredana Cardona al flauto, Giulio Glavina al violoncello e Rita Maglia al violino, si esibir\u00e0 con musiche dei compositori Johann Sebastian Bach, Joseph Bodin de Boismortier, Antonio Vivaldi, Reinhold Moritzevi\u010d Gli\u00e8re, Pietro Domenico Paradies, Franz Danzi, Pietro Mascagni e Franz Joseph Haydn. Non mancheranno accenni alla musica irlandese.<\/p>\n<p>A <strong>Loano<\/strong> sempre domenica Cristina Dell&#8217;Acqua presenter\u00e0 il libro <a href=\"https:\/\/www.ivg.it\/evento\/il-nodo-magico-a-loano-la-scrittrice-cristina-dellacqua-presenta-il-libro-su-ulisse-e-i-suoi-legami\/\">&#8220;Il nodo magico&#8221;<\/a>, in cui racconta di Ulisse e dei suoi legami. Nel suo lungo viaggio di ritorno da Troia \u00e8 un uomo vittorioso ma solo, non pi\u00f9 un eroe ma un naufrago. Il senso e la direzione non sa pi\u00f9 dove siano: saranno alcuni incontri speciali ad aiutarlo a ritrovare una forza che non \u00e8 scritta in alcuna guerra. Il ritorno di Ulisse \u00e8 costruito sui nodi dell\u2019amore, dell\u2019amicizia e dell\u2019ospitalit\u00e0 ma anche del dolore e della nostalgia, fondamenta indispensabili per la ricostruzione della memoria di chi \u00e8 stato e diventer\u00e0. Al pari di Ulisse tutti noi siamo le nostre relazioni.<\/p>\n<p>Sabato ad <strong>Albisola Superiore<\/strong> Carla Bracco e Marino Cassini parleranno de <a href=\"https:\/\/www.ivg.it\/evento\/la-fenice-di-manlio-trucco-e-arturo-martini-ad-albisola-superiore-una-conferenza-sullestro-dei-due-geni-artistici\/\">&#8220;La Fenice di Manlio Trucco e Arturo Martini&#8221;<\/a>. Sar\u00e0 l\u2019occasione per ricordare la vita avventurosa e il ruolo di sperimentatore di Trucco, il quale negli anni &#8217;20 con La Fenice seppe rinnovare la produzione ceramica albisolese grazie all\u2019introduzione fortunata dello stile d\u00e9co e alla successiva elaborazione di ceramiche graffite protorazionali. A La Fenice Martini cre\u00f2 splendide ceramiche caratterizzate da una semplificazione formale e dalla sorprendente invenzione di soluzioni tematiche e plastiche in cui \u00e8 possibile cogliere tutta la grandezza del maestro.<\/p>\n<p>Sabato si terr\u00e0 anche il <a href=\"https:\/\/www.ivg.it\/evento\/calizzano-ebike-tour-una-divertente-escursione-guidata-tra-le-bellezze-del-territorio\/\"><strong>Calizzano<\/strong> Ebike Tour<\/a>. La giornata sar\u00e0 la prima di una serie all&#8217;insegna del divertimento: non si tratta di una competizione ma semplicemente di un giro in compagnia per ammirare il territorio. L&#8217;escursione guidata sar\u00e0 lunga 30 km con un dislivello di circa 1000 salite importanti e discese molto divertenti. Non \u00e8 prevista quota d&#8217;iscrizione.<\/p>\n","protected":false},"excerpt":{"rendered":"<p>A Savona un concerto con strumenti musicali ispirati alla pittura antica, in alta Val Bormida il Calizzano Ebike Tour<\/p>\n","protected":false},"author":11510,"featured_media":0,"comment_status":"open","ping_status":"closed","sticky":false,"template":"","format":"standard","meta":{"footnotes":""},"categories":[45296,118671],"tags":[113374,108043,35816],"class_list":["post-533522","post","type-post","status-publish","format-standard","hentry","category-copertina","category-cultura","tag-eventi-allaperto","tag-eventi-culturali","tag-eventi-weekend","post_cat_citta-albisola-superiore","post_cat_citta-calizzano","post_cat_citta-ceriale","post_cat_citta-loano","post_cat_citta-savona"],"amp_validity":null,"amp_enabled":true,"_links":{"self":[{"href":"https:\/\/staging.ivg.it\/ediapi\/wp\/v2\/posts\/533522","targetHints":{"allow":["GET"]}}],"collection":[{"href":"https:\/\/staging.ivg.it\/ediapi\/wp\/v2\/posts"}],"about":[{"href":"https:\/\/staging.ivg.it\/ediapi\/wp\/v2\/types\/post"}],"author":[{"embeddable":true,"href":"https:\/\/staging.ivg.it\/ediapi\/wp\/v2\/users\/11510"}],"replies":[{"embeddable":true,"href":"https:\/\/staging.ivg.it\/ediapi\/wp\/v2\/comments?post=533522"}],"version-history":[{"count":0,"href":"https:\/\/staging.ivg.it\/ediapi\/wp\/v2\/posts\/533522\/revisions"}],"wp:attachment":[{"href":"https:\/\/staging.ivg.it\/ediapi\/wp\/v2\/media?parent=533522"}],"wp:term":[{"taxonomy":"category","embeddable":true,"href":"https:\/\/staging.ivg.it\/ediapi\/wp\/v2\/categories?post=533522"},{"taxonomy":"post_tag","embeddable":true,"href":"https:\/\/staging.ivg.it\/ediapi\/wp\/v2\/tags?post=533522"}],"curies":[{"name":"wp","href":"https:\/\/api.w.org\/{rel}","templated":true}]}}