{"id":533327,"date":"2021-06-30T13:01:55","date_gmt":"2021-06-30T11:01:55","guid":{"rendered":"https:\/\/www.ivg.it\/?p=533327"},"modified":"2021-06-30T13:01:55","modified_gmt":"2021-06-30T11:01:55","slug":"bilancio-albisola-circa-2-milioni-di-disavanzo-ma-assessore-brizzo-assicura-spesa-recuperabile-senza-aumento-della-spesa-per-il-cittadino","status":"publish","type":"post","link":"https:\/\/staging.ivg.it\/2021\/06\/bilancio-albisola-circa-2-milioni-di-disavanzo-ma-assessore-brizzo-assicura-spesa-recuperabile-senza-aumento-della-spesa-per-il-cittadino\/","title":{"rendered":"Bilancio Albisola, circa 2 milioni di disavanzo ma assessore Brizzo assicura: &#8220;Spesa recuperabile senza aumento della spesa per il cittadino&#8221;"},"content":{"rendered":"<p><strong>Albisola Superiore<\/strong>. E&#8217; pari a 2 milioni e 337mila euro il disavanzo che il Comune di Albisola conta in questo secondo anno di Coronavirus. &#8220;Con i fondi vincolati si stanzia sul milione di euro, ma questo non deve allarmare&#8221; afferma l&#8217;assessore al bilancio Sara Brizzo.<\/p>\n<p>&#8220;La cifra \u00e8 assolutamente recuperabile. Quest&#8217;anno con gli uffici abbiamo lavorato facendo una ricognizione precisa dei residui, sia attivi che passivi, che non erano prescritti, ma essendo molto vecchi di 10 anni si \u00e8 valutato di rintracciarli per avere una situazione pi\u00f9 trasparente delle spese comunali &#8211; spiega le ragioni del deficit Brizzo -. In tutto questo inoltre, bisogna aggiungere le spese extra dovute al Covid&#8221;.<\/p>\n<p>Le previsioni ottimistiche dell&#8217;amministrazione comunale per\u00f2 non convincono il gruppo di minoranza del M5S che commenta: &#8220;Quello che pi\u00f9 stupisce \u00e8 l\u2019atteggiamento dell\u2019amministrazione Garbarini che, nonostante la presenza nel rendiconto 2020 di un disavanzo di 2.337.000 euro, consideri la situazione sotto controllo e facilmente superabile&#8221;.<\/p>\n<p>Secondo l&#8217;assessore Brizzo, &#8220;al momento non c&#8217;\u00e8 ancora un piano di riequilibrio approvato: abbiamo tempo fino a 90 giorni per decidere. Le soluzioni sarebbero due, o andare a riparare la perdita in dieci anni, con il riequilibrio finanziario pluriennale, oppure con eventuali entrate straordinarie come la vendita di alcuni beni comunali. Questa decisione comunque verr\u00e0 presa con i consulenti comunali&#8221;.<\/p>\n<p>La maggiore preoccupazione della minoranza e dei cittadini riguarda le possibili spese da sostenere in maggiorazione o la diminuzione nell&#8217;erogazione dei servizi: &#8220;Per i cittadini non ci sar\u00e0 alcun aumento per questa situazione &#8211; assicura l&#8217;assessore Brizzo -, anche perch\u00e8 le imposte in questione sarebbero la Tari, che dalla nuova normativa va esattamente quantificata in base alle entrate dei due anni precedenti; e l&#8217;Imu che abbiamo gi\u00e0 come aliquota massima. Ci tengo a dire &#8211; conclude poi &#8211; che non sono stati penalizzati nemmeno i servizi nel sociale, nella scuola, per i cittadini&#8221;.<\/p>\n","protected":false},"excerpt":{"rendered":"<p>Fondi si possono recuperare in dieci anni o con entrate extra del Comune: la decisione tra 90 giorni<\/p>\n","protected":false},"author":18838,"featured_media":0,"comment_status":"open","ping_status":"closed","sticky":false,"template":"","format":"standard","meta":{"footnotes":""},"categories":[35],"tags":[81137],"class_list":["post-533327","post","type-post","status-publish","format-standard","hentry","category-economia","tag-comune-albisola-superiore","post_cat_citta-albisola-superiore"],"amp_validity":null,"amp_enabled":true,"_links":{"self":[{"href":"https:\/\/staging.ivg.it\/ediapi\/wp\/v2\/posts\/533327","targetHints":{"allow":["GET"]}}],"collection":[{"href":"https:\/\/staging.ivg.it\/ediapi\/wp\/v2\/posts"}],"about":[{"href":"https:\/\/staging.ivg.it\/ediapi\/wp\/v2\/types\/post"}],"author":[{"embeddable":true,"href":"https:\/\/staging.ivg.it\/ediapi\/wp\/v2\/users\/18838"}],"replies":[{"embeddable":true,"href":"https:\/\/staging.ivg.it\/ediapi\/wp\/v2\/comments?post=533327"}],"version-history":[{"count":0,"href":"https:\/\/staging.ivg.it\/ediapi\/wp\/v2\/posts\/533327\/revisions"}],"wp:attachment":[{"href":"https:\/\/staging.ivg.it\/ediapi\/wp\/v2\/media?parent=533327"}],"wp:term":[{"taxonomy":"category","embeddable":true,"href":"https:\/\/staging.ivg.it\/ediapi\/wp\/v2\/categories?post=533327"},{"taxonomy":"post_tag","embeddable":true,"href":"https:\/\/staging.ivg.it\/ediapi\/wp\/v2\/tags?post=533327"}],"curies":[{"name":"wp","href":"https:\/\/api.w.org\/{rel}","templated":true}]}}