{"id":533200,"date":"2021-06-29T13:58:41","date_gmt":"2021-06-29T11:58:41","guid":{"rendered":"https:\/\/www.ivg.it\/?p=533200"},"modified":"2021-06-29T13:58:41","modified_gmt":"2021-06-29T11:58:41","slug":"ordinanza-anti-alcol-a-loano-pignocca-a-lettieri-informato-per-tempo-dei-divieti-la-febbre-elettorale-lo-ha-colpito","status":"publish","type":"post","link":"https:\/\/staging.ivg.it\/2021\/06\/ordinanza-anti-alcol-a-loano-pignocca-a-lettieri-informato-per-tempo-dei-divieti-la-febbre-elettorale-lo-ha-colpito\/","title":{"rendered":"Ordinanza anti-alcol a Loano, Pignocca a Lettieri: &#8220;Informato per tempo dei divieti, la &#8216;febbre elettorale&#8217; lo ha colpito&#8221;"},"content":{"rendered":"<p><strong>Loano<\/strong>. Il sindaco di Loano, Luigi Pignocca, replica alle affermazioni dell&#8217;assessore alle attivit\u00e0 produttive Luca Lettieri, che ieri <a href=\"https:\/\/www.ivg.it\/2021\/06\/ordinanza-anti-alcol-a-loano-lettieri-il-sindaco-la-riveda-danneggia-locali-e-discoteche\/\">dalle pagine di IVG.it<\/a> ha fortemente criticato l&#8217;ordinanza che disciplina la vendita ed il consumo di alcolici in estate.<\/p>\n<p>&#8220;Sono stupito dalla presa di posizione dell&#8217;assessore Luca Lettieri rispetto alla mia recente ordinanza volta a disciplinare l&#8217;acquisto ed il consumo di bevande alcoliche sul territorio della nostra citt\u00e0 &#8211; afferma il primo cittadino loanese &#8211; Lettieri \u00e8 stato edotto per tempo rispetto ai contenuti dell&#8217;ordinanza. Cos\u00ec come lo sono state le categorie: prima di promulgare il documento, infatti, abbiamo organizzato diverse riunioni propedeutiche alle quali hanno partecipato i rappresentanti del Comitato Loanese, che riunisce Confcommercio Loano, Fipe Loano, Associazione Balneari Loanesi, Associazione Loanese Albergatori, Pro Loco Loano ASP, Associazione Vecchia Loano, Associazione Culturale Polivalente. I ristoratori ed i gestori dei locali, dunque, erano perfettamente a conoscenza delle misure in corso di approvazione&#8221;.<\/p>\n<p>&#8220;Vorrei ricordare che la decisione di emettere questa ordinanza (che tra l&#8217;altro era gi\u00e0 stata promulgata lo scorso anno) fa seguito ai diversi episodi critici che, nelle scorse settimane, hanno interessato la nostra citt\u00e0 e si propone proprio di migliorare la sicurezza e l&#8217;ordine pubblico del nostro territorio. Le misure saranno in vigore fino al 31 luglio e prima della loro \u201cscadenza\u201d, anche alla luce dei briefing di aggiornamento con polizia locale e forze dell&#8217;ordine, valuteremo con attenzione se ci sar\u00e0 la necessit\u00e0 di prolungarne la durata. Per quanto riguarda le possibili difficolt\u00e0 alle quali potrebbero andare incontro le discoteche, vorrei sottolineare come ad oggi non sia ancora stata comunicata ufficialmente la data di ripresa dell&#8217;attivit\u00e0 della categoria. Quando tale data sar\u00e0 resa nota, valuteremo il da farsi rispetto alle necessit\u00e0 di questo genere di locali&#8221;.<\/p>\n<p>&#8220;Nei giorni scorsi Lettieri mi aveva chiesto un confronto in merito in sede di giunta comunale ed io avevo dato la disponibilit\u00e0 a discuterne (in presenza di tutti gli altri assessori) in occasione della riunione settimanale, in programma domani mercoled\u00ec 30 giugno. Poi, prima ancora di avere modo di vederci, l&#8217;assessore ha ritenuto di rendere nota la propria posizione a mezzo stampa. Tutto ci\u00f2 mi lascia sconcertato. Forse a qualcuno \u00e8 rimasto vittima della \u201cfebbre elettorale\u201d e ci\u00f2 lo ha portato a fare un passo in avanti di troppo, mentre sarebbe stato pi\u00f9 opportuno fermarsi e ragionare&#8221;.<\/p>\n","protected":false},"excerpt":{"rendered":"<p>L&#8217;assessore: &#8220;Il sindaco la riveda, danneggia locali e discoteche&#8221;<\/p>\n","protected":false},"author":12120,"featured_media":0,"comment_status":"open","ping_status":"closed","sticky":false,"template":"","format":"standard","meta":{"footnotes":""},"categories":[45296,56],"tags":[86171],"class_list":["post-533200","post","type-post","status-publish","format-standard","hentry","category-copertina","category-altre","tag-comune-di-loano","post_tag_personaggi-luca-lettieri-2","post_tag_personaggi-luigi-pignocca"],"amp_validity":null,"amp_enabled":true,"_links":{"self":[{"href":"https:\/\/staging.ivg.it\/ediapi\/wp\/v2\/posts\/533200","targetHints":{"allow":["GET"]}}],"collection":[{"href":"https:\/\/staging.ivg.it\/ediapi\/wp\/v2\/posts"}],"about":[{"href":"https:\/\/staging.ivg.it\/ediapi\/wp\/v2\/types\/post"}],"author":[{"embeddable":true,"href":"https:\/\/staging.ivg.it\/ediapi\/wp\/v2\/users\/12120"}],"replies":[{"embeddable":true,"href":"https:\/\/staging.ivg.it\/ediapi\/wp\/v2\/comments?post=533200"}],"version-history":[{"count":0,"href":"https:\/\/staging.ivg.it\/ediapi\/wp\/v2\/posts\/533200\/revisions"}],"wp:attachment":[{"href":"https:\/\/staging.ivg.it\/ediapi\/wp\/v2\/media?parent=533200"}],"wp:term":[{"taxonomy":"category","embeddable":true,"href":"https:\/\/staging.ivg.it\/ediapi\/wp\/v2\/categories?post=533200"},{"taxonomy":"post_tag","embeddable":true,"href":"https:\/\/staging.ivg.it\/ediapi\/wp\/v2\/tags?post=533200"}],"curies":[{"name":"wp","href":"https:\/\/api.w.org\/{rel}","templated":true}]}}