{"id":533003,"date":"2021-06-27T16:13:08","date_gmt":"2021-06-27T14:13:08","guid":{"rendered":"https:\/\/www.ivg.it\/?p=533003"},"modified":"2021-06-27T16:13:28","modified_gmt":"2021-06-27T14:13:28","slug":"nasce-il-comitato-di-cambiamo-spotorno-vaccarezza-dopo-le-regionali-protagonisti-anche-per-le-amministrative","status":"publish","type":"post","link":"https:\/\/staging.ivg.it\/2021\/06\/nasce-il-comitato-di-cambiamo-spotorno-vaccarezza-dopo-le-regionali-protagonisti-anche-per-le-amministrative\/","title":{"rendered":"Nasce il comitato di Cambiamo Spotorno, Vaccarezza: &#8220;Dopo le regionali, protagonisti anche per le amministrative&#8221;"},"content":{"rendered":"<p><strong>Spotorno<\/strong>. E&#8217; nato ufficialmente oggi il comitato di Spotorno di Cambiamo.<\/p>\n<p>Ad annunciarlo il coordinatore regionale del movimento di Giovanni Toti, Angelo Vaccarezza: \u201cL&#8217;entusiasmo, la voglia di cambiamento e la sinergia tra i comitati continuano a coinvolgere molte realt\u00e0 \u2013 spiega \u2013 Da oggi a bandierina arancione sventola anche a Spotorno\u201d.<\/p>\n<p>\u201cSpotorno \u00e8 uno dei comuni che andr\u00e0 al voto il prossimo autunno, alle ultime regionali di settembre 2020 Cambiamo \u00e8 risultato il partito pi\u00f9 votato e questo ci investe di una responsabilit\u00e0 ancor maggiore in vista di ottobre. Progetti, idee, confronti: questo il filo conduttore dei comitati che, ramificandosi nel territorio, creano una rete forte, compatta, seguendo quel &#8216;modello Toti&#8217; che altro non \u00e8 se non disponibilit\u00e0 all&#8217;ascolto e risoluzione dei problemi. Questo lo spirito delle persone che fanno parte di Cambiamo Spotorno\u201d.<\/p>\n<p>Il coordinatore del comitato \u00e8 Valeria Calcagno, il segretario Davide Delbono.<\/p>\n<p>\u201cMi legano ad Angelo un percorso politico di lunga data, ma soprattutto una profonda amicizia \u2013 dice Valeria Calcagno \u2013 \u00e8 sempre stato presente e attento, e sono grata per avermi introdotta in\u00a0 questo nuovo percorso. Un ringraziamento anche al coordinatore provinciale Mauro Demichelis, per il suo prezioso supporto in questo disegno studiato per il nostro territorio\u201d.<\/p>\n<p>\u201cLieto di questo nuovo comitato e di vedere che nel tempo, l&#8217;entusiasmo e l&#8217;energia di Valeria sono rimasti intatti \u2013 aggiunge Demichelis \u2013 Spotorno ha una nuova opportunit\u00e0 di crescita e sviluppo e sono sicuro che con Valeria alla guida del comitato, le cose andranno per il verso giusto\u201d.<\/p>\n","protected":false},"excerpt":{"rendered":"<p>Il coordinatore del comitato \u00e8 Valeria Calcagno, il segretario Davide Delbono<\/p>\n","protected":false},"author":12120,"featured_media":0,"comment_status":"open","ping_status":"closed","sticky":false,"template":"","format":"standard","meta":{"footnotes":""},"categories":[45296],"tags":[119952,119314],"class_list":["post-533003","post","type-post","status-publish","format-standard","hentry","category-copertina","tag-cambiamo-spotorno","tag-spotorno-2021","post_cat_citta-spotorno","post_tag_personaggi-angelo-vaccarezza","post_tag_personaggi-davide-delbono","post_tag_personaggi-mauro-demichelis","post_tag_personaggi-valeria-calcagno"],"amp_validity":null,"amp_enabled":true,"_links":{"self":[{"href":"https:\/\/staging.ivg.it\/ediapi\/wp\/v2\/posts\/533003","targetHints":{"allow":["GET"]}}],"collection":[{"href":"https:\/\/staging.ivg.it\/ediapi\/wp\/v2\/posts"}],"about":[{"href":"https:\/\/staging.ivg.it\/ediapi\/wp\/v2\/types\/post"}],"author":[{"embeddable":true,"href":"https:\/\/staging.ivg.it\/ediapi\/wp\/v2\/users\/12120"}],"replies":[{"embeddable":true,"href":"https:\/\/staging.ivg.it\/ediapi\/wp\/v2\/comments?post=533003"}],"version-history":[{"count":0,"href":"https:\/\/staging.ivg.it\/ediapi\/wp\/v2\/posts\/533003\/revisions"}],"wp:attachment":[{"href":"https:\/\/staging.ivg.it\/ediapi\/wp\/v2\/media?parent=533003"}],"wp:term":[{"taxonomy":"category","embeddable":true,"href":"https:\/\/staging.ivg.it\/ediapi\/wp\/v2\/categories?post=533003"},{"taxonomy":"post_tag","embeddable":true,"href":"https:\/\/staging.ivg.it\/ediapi\/wp\/v2\/tags?post=533003"}],"curies":[{"name":"wp","href":"https:\/\/api.w.org\/{rel}","templated":true}]}}