{"id":532949,"date":"2021-06-26T20:33:49","date_gmt":"2021-06-26T18:33:49","guid":{"rendered":"https:\/\/www.ivg.it\/?p=532949"},"modified":"2021-06-26T20:41:24","modified_gmt":"2021-06-26T18:41:24","slug":"consegnato-a-marco-mura-il-premio-sportivo-savonese-dellanno","status":"publish","type":"post","link":"https:\/\/staging.ivg.it\/2021\/06\/consegnato-a-marco-mura-il-premio-sportivo-savonese-dellanno\/","title":{"rendered":"Consegnato a Marco Mura il premio Sportivo Savonese dell&#8217;Anno"},"content":{"rendered":"<p><strong>Savona.<\/strong> <strong>Marco Mura, direttore organizzativo del Meeting internazionale Citt\u00e0 di Savona &#8211; Memorial Giulio Ottolia<\/strong> ha ricevuto questa mattina nel Salone della Sibilla di Savona il <strong>premio Lo Sportivo Savonese del 2020.<\/strong><\/p>\n<p>Il savonese, dirigente direttore tecnico del Cus Savona, \u00e8 stato insignito di questo importante riconoscimento<strong> grazie al costante lavoro svolto nel corso degli anni in favore della atletica, portando il Meeting Citt\u00e0 di Savona fra i pi\u00f9 prestigiosi a livello nazionale,<\/strong> ed \u00e8 stato premiato dal Questore di Savona <strong>Giannina Roatta,<\/strong> dal delegato del Coni di Savona <strong>Roberto Pizzorno,<\/strong> dal Consigliere regionale <strong>Angelo Vaccarezza<\/strong> e dall\u2019Assessore allo sport del Comune di Savona <strong>Maurizio Scaramuzza.<\/strong><\/p>\n<p>Mura sar\u00e0 inserito nell\u2019albo d\u2019oro della manifestazione, ripresa quattro anni fa dal Coordinamento delle Associazioni Benemerite del Coni (Panathlon Club Savona \u201cCarlo Zanelli&#8221;, Veterani dello Sport \u201cRinaldo Roggero\u201d Savona, Unasci, Associazione Nazionale Azzurri e Olimpionici d\u2019Italia, Associazione Stelle al Merito Sportivo e Special Olimpic) sulla falsa riga dello Sportivo Savonese ideato dall\u2019indimenticato Nanni De Marco.<\/p>\n<p>Prima di lui hanno ricevuto il riconoscimento Chiara Rebagliati (2017), Linda Cerruti (2018), Luminosa Bogliolo (2019), tutte atlete che hanno staccato il pass per le prossime Olimpiadi di Tokyo.<\/p>\n<p>Moltissime le autorit\u00e0 presenti in sala. Fra queste il vescovo di Savona monsignor <strong>Calogero Marino<\/strong>, il consigliere regionale<strong> Roberto Arboscello<\/strong>, il presidente del Panathlon Italia <strong>Giorgio Costa,<\/strong> il presidente degli Azzurri e Olimpionici d\u2019Italia <strong>Roberto Ghersi<\/strong> e tanti altri personaggi del mondo sportivo locale.<\/p>\n<p>Assegnato dal Panathlon Club Carlo Zanelli di Savona il premio Speranza Azzurra alle giovanissime<strong> Vittoria Oliveri,<\/strong> 13 anni, e<strong> Carola Pessina,<\/strong> 11 anni, tesserate per Tc Finale che, durante la pandemia, si sono rese protagoniste a livello mediatico per essersi sfidate, in un palleggio quasi impossibile, dal tetto di casa.<\/p>\n<p>Nell\u2019ambito de Lo Sportivo Savonese, che si avvale del patrocinio del Coni Point Savona, \u00e8 stato consegnato, sempre per il 2020 un importante riconoscimento ad <strong>Enzo Grenno,<\/strong> gi\u00e0 presidente del Savona Calcio che alla guida dei biancobl\u00f9 vinse, il 23 giugno del 1991, la Coppa Italia Dilettanti e fondatore e presidente della societ\u00e0 Pro Savona Calcio. Grenno<strong> ha ricevuto il premio promotore sportivo dell\u2019anno 2020 per il costante impegno ultraquarantennale in favore dello sport.<\/strong><\/p>\n<p>Durante la manifestazione sono stati consegnati da<strong> Enrico Rebagliati,<\/strong> presidente del Panathlon Club Savona, due riconoscimenti <strong>alle famiglie Zanelli e Delbuono<\/strong> in ricordo del dottor Carlo Zanelli, ex sindaco della citt\u00e0 di Savona e promotore della fondazione del Panathlon Savona e del commendator Stefano Delbuono, il presidentissimo del Savona Calcio negli anni Cinquanta e presidente del Coni provinciale di Savona.<\/p>\n<p>Gli altri riconoscimenti dello Sportivo Savonese 2019 che a causa della pandemia non erano stati ancora sono andati a <strong>Carlo Colla e Francesco Serra<\/strong> (Promotore Sportivo). E poi ancora a<strong> Francesco Ciocca, Simone Falco, Aureliano Pastorelli<\/strong> (dirigente sportivo), <strong>Valerio Rizzo<\/strong> (Lo Sport la mia Vita), <strong>Sandro Morando, Mario Sbaiz, Alberto Angelini, Alberto Andreis, Patrizia Giallombardo<\/strong> (tecnico). Premio speciale a <strong>Luca Mearelli e Liguria Paralimpica.<\/strong><\/p>\n<p>La manifestazione \u00e8 stata presentata da <strong>Laura Sicco<\/strong>, proposta, dal delegato Coni Point Savona <strong>Roberto Pizzorno,<\/strong> fiduciario del Comune di Savona.<\/p>\n","protected":false},"excerpt":{"rendered":"<p>Enzo Grenno ha ricevuto il premio promotore sportivo dell\u2019anno<\/p>\n","protected":false},"author":18,"featured_media":0,"comment_status":"open","ping_status":"closed","sticky":false,"template":"","format":"standard","meta":{"footnotes":""},"categories":[32],"tags":[98739],"class_list":["post-532949","post","type-post","status-publish","format-standard","hentry","category-sport","tag-premio-sportivo-savonese-dellanno","post_cat_citta-savona","post_tag_personaggi-enzo-grenno","post_tag_personaggi-marco-mura"],"amp_validity":null,"amp_enabled":true,"_links":{"self":[{"href":"https:\/\/staging.ivg.it\/ediapi\/wp\/v2\/posts\/532949","targetHints":{"allow":["GET"]}}],"collection":[{"href":"https:\/\/staging.ivg.it\/ediapi\/wp\/v2\/posts"}],"about":[{"href":"https:\/\/staging.ivg.it\/ediapi\/wp\/v2\/types\/post"}],"author":[{"embeddable":true,"href":"https:\/\/staging.ivg.it\/ediapi\/wp\/v2\/users\/18"}],"replies":[{"embeddable":true,"href":"https:\/\/staging.ivg.it\/ediapi\/wp\/v2\/comments?post=532949"}],"version-history":[{"count":0,"href":"https:\/\/staging.ivg.it\/ediapi\/wp\/v2\/posts\/532949\/revisions"}],"wp:attachment":[{"href":"https:\/\/staging.ivg.it\/ediapi\/wp\/v2\/media?parent=532949"}],"wp:term":[{"taxonomy":"category","embeddable":true,"href":"https:\/\/staging.ivg.it\/ediapi\/wp\/v2\/categories?post=532949"},{"taxonomy":"post_tag","embeddable":true,"href":"https:\/\/staging.ivg.it\/ediapi\/wp\/v2\/tags?post=532949"}],"curies":[{"name":"wp","href":"https:\/\/api.w.org\/{rel}","templated":true}]}}