{"id":532948,"date":"2021-06-26T20:34:03","date_gmt":"2021-06-26T18:34:03","guid":{"rendered":"http:\/\/www.ivg.it\/?p=532948"},"modified":"2021-06-26T20:49:42","modified_gmt":"2021-06-26T18:49:42","slug":"consiglio-direttivo-per-la-ripresa-veneto-e-bolzano-confermate-sedi-dei-tornei-delle-regioni-ok-a-rimborsi-per-tesserati-under-23","status":"publish","type":"post","link":"https:\/\/staging.ivg.it\/2021\/06\/consiglio-direttivo-per-la-ripresa-veneto-e-bolzano-confermate-sedi-dei-tornei-delle-regioni-ok-a-rimborsi-per-tesserati-under-23\/","title":{"rendered":"Consiglio Direttivo: per la ripresa, Veneto e Bolzano confermate sedi dei Tornei delle Regioni; ok a rimborsi per tesserati under 23"},"content":{"rendered":"<p>Si \u00e8 tenuto il 24 giugno a Roma, presso il Centro di Preparazione Olimpica CONI Acqua Acetosa &#8220;Giulio Onesti&#8221;, il Consiglio Direttivo della Lega Nazionale Dilettanti.<\/p>\n<p>Oltre ad aver approvato all&#8217;unanimit\u00e0 il Comunicato Ufficiale N.1 &#8211; il documento che discipliner\u00e0 tutta l&#8217;attivit\u00e0 per la stagione sportiva 2021-2022 &#8211; il massimo organismo della LND, dopo aver ricevuto il via libera dal Consiglio Federale, ha deliberato la destinazione dei propri fondi derivanti dalla mutualit\u00e0 dei diritti televisivi del calcio professionistico (per un plafond pari a 2,5 milioni di euro) a sostegno delle Societ\u00e0, rinunciando a ulteriori progetti di sviluppo per la Lega stessa.<\/p>\n<p>A tale riguardo, le Societ\u00e0 e Associazioni affiliate alla LND che certificheranno il tesseramento di atleti under 23, otterranno i rimborsi per la valorizzazione di questi ultimi presentando la documentazione e la relativa richiesta presso i Comitati Regionali di appartenenza, Divisione Calcio a 5 e Dipartimenti, entro il termine perentorio del 15 luglio 2021, tenuto conto della necessit\u00e0 di rendicontare l&#8217;erogazione di tali contributi.<\/p>\n<p>Il Consiglio Direttivo, in vista della completa ripresa delle attivit\u00e0, ha inoltre\u00a0<b>riprogrammato lo svolgimento del Torneo delle Regioni nel corso della stagione sportiva 2021-2022. Confermate le sedi di Veneto per la kermesse giovanile dedicata al calcio a 5 e di Bolzano per quella del calcio a 11.<\/b><\/p>\n<p>&#8220;Con i rimborsi alle Societ\u00e0 per gli under 23, che si aggiungono ad altre misure e risorse che abbiamo gi\u00e0 messo in campo, viene confermata la nostra linea di massimo sostegno al territorio &#8211; ha dichiarato il Presidente LND Cosimo Sibilia, a margine della riunione &#8211; Stiamo creando tutte le condizioni per una piena ripresa di tutte le attivit\u00e0, per le quali ho raccomandato al Consiglio di prevederne la calendarizzazione con il pi\u00f9 ampio anticipo possibile, cos\u00ec da arrivare ragionevolmente ai prossimi Tornei delle Regioni con il compiuto ritorno alla normalit\u00e0. E in quell&#8217;occasione condividere, questo il mio pi\u00f9 grande auspicio, il traguardo raggiunto insieme alla migliore giovent\u00f9 del calcio dilettantistico italiano&#8221;.<\/p>\n","protected":false},"excerpt":{"rendered":"<p>Lo speciale del Ct Vaniglia<\/p>\n","protected":false},"author":18,"featured_media":0,"comment_status":"open","ping_status":"closed","sticky":false,"template":"","format":"standard","meta":{"footnotes":""},"categories":[182,32],"tags":[85989],"class_list":["post-532948","post","type-post","status-publish","format-standard","hentry","category-calcio","category-sport","tag-calcio"],"amp_validity":null,"amp_enabled":true,"_links":{"self":[{"href":"https:\/\/staging.ivg.it\/ediapi\/wp\/v2\/posts\/532948","targetHints":{"allow":["GET"]}}],"collection":[{"href":"https:\/\/staging.ivg.it\/ediapi\/wp\/v2\/posts"}],"about":[{"href":"https:\/\/staging.ivg.it\/ediapi\/wp\/v2\/types\/post"}],"author":[{"embeddable":true,"href":"https:\/\/staging.ivg.it\/ediapi\/wp\/v2\/users\/18"}],"replies":[{"embeddable":true,"href":"https:\/\/staging.ivg.it\/ediapi\/wp\/v2\/comments?post=532948"}],"version-history":[{"count":0,"href":"https:\/\/staging.ivg.it\/ediapi\/wp\/v2\/posts\/532948\/revisions"}],"wp:attachment":[{"href":"https:\/\/staging.ivg.it\/ediapi\/wp\/v2\/media?parent=532948"}],"wp:term":[{"taxonomy":"category","embeddable":true,"href":"https:\/\/staging.ivg.it\/ediapi\/wp\/v2\/categories?post=532948"},{"taxonomy":"post_tag","embeddable":true,"href":"https:\/\/staging.ivg.it\/ediapi\/wp\/v2\/tags?post=532948"}],"curies":[{"name":"wp","href":"https:\/\/api.w.org\/{rel}","templated":true}]}}