{"id":532877,"date":"2021-06-25T19:20:48","date_gmt":"2021-06-25T17:20:48","guid":{"rendered":"https:\/\/www.ivg.it\/?p=532877"},"modified":"2021-06-25T19:20:48","modified_gmt":"2021-06-25T17:20:48","slug":"savona-2021-barbara-pasquali-scioglie-le-riserve-appoggera-marco-russo","status":"publish","type":"post","link":"https:\/\/staging.ivg.it\/2021\/06\/savona-2021-barbara-pasquali-scioglie-le-riserve-appoggera-marco-russo\/","title":{"rendered":"Savona 2021, Barbara Pasquali scioglie le riserve: appogger\u00e0 Marco Russo"},"content":{"rendered":"<p><strong>Savona.<\/strong> Barbara Pasquali, capogruppo di Italia Viva in consiglio comunale, scioglie le riserve: nella campagna elettorale per le prossime elezioni amministrative di settembre\/ottobre appogger\u00e0 il candidato del centro sinistra Marco Russo.<\/p>\n<p>Una decisione giunta in queste ore dopo che nel corso della settimana la capogruppo di Italia Viva ha pi\u00f9 volte incontrato Marco Russo e \u201capprezzato la competenza e passione con cui ha dato vita al Patto per Savona\u201d.<\/p>\n<p>Dopo aver a lungo accarezzato, su sollecitazione di molti, l&#8217;idea di creare un terzo polo con forze politiche pi\u00f9 vicine a Italia viva come +Europa, partito socialista, Azione, partito liberale e dopo l&#8217;ufficializzazione del nome del candidato del centro destra Angelo Schirru, Barbara Pasquali ha rotto gli indugi schierandosi in favore del candidato Marco Russo.<\/p>\n<p>Troppo forte la volont\u00e0 di non offrire spazi ad un centrodestra avversato per anni dall&#8217;opposizione di cui, a detta della capogruppo IV, &#8220;Schirru non \u00e8 altro che la continuazione&#8221;, per favorirlo poi con una dispersione di voti. Il primo appuntamento nel quale Pasquali sar\u00e0 presente \u00e8 gi\u00e0 per questa sera, quando alle ore 21 ai Giardini di Villapiana Marco Russo aprir\u00e0 la campagna elettorale con un flash mob.<\/p>\n","protected":false},"excerpt":{"rendered":"<p>Dopo aver accarezzato l&#8217;idea di un terzo polo ha scelto di allearsi col centrosinistra per non offrire spazi al centrodestra<\/p>\n","protected":false},"author":20968,"featured_media":0,"comment_status":"open","ping_status":"closed","sticky":false,"template":"","format":"standard","meta":{"footnotes":""},"categories":[45296,31],"tags":[107921],"class_list":["post-532877","post","type-post","status-publish","format-standard","hentry","category-copertina","category-politica","tag-savona-2021","post_cat_citta-savona","post_tag_personaggi-barbara-pasquali"],"amp_validity":null,"amp_enabled":true,"_links":{"self":[{"href":"https:\/\/staging.ivg.it\/ediapi\/wp\/v2\/posts\/532877","targetHints":{"allow":["GET"]}}],"collection":[{"href":"https:\/\/staging.ivg.it\/ediapi\/wp\/v2\/posts"}],"about":[{"href":"https:\/\/staging.ivg.it\/ediapi\/wp\/v2\/types\/post"}],"author":[{"embeddable":true,"href":"https:\/\/staging.ivg.it\/ediapi\/wp\/v2\/users\/20968"}],"replies":[{"embeddable":true,"href":"https:\/\/staging.ivg.it\/ediapi\/wp\/v2\/comments?post=532877"}],"version-history":[{"count":0,"href":"https:\/\/staging.ivg.it\/ediapi\/wp\/v2\/posts\/532877\/revisions"}],"wp:attachment":[{"href":"https:\/\/staging.ivg.it\/ediapi\/wp\/v2\/media?parent=532877"}],"wp:term":[{"taxonomy":"category","embeddable":true,"href":"https:\/\/staging.ivg.it\/ediapi\/wp\/v2\/categories?post=532877"},{"taxonomy":"post_tag","embeddable":true,"href":"https:\/\/staging.ivg.it\/ediapi\/wp\/v2\/tags?post=532877"}],"curies":[{"name":"wp","href":"https:\/\/api.w.org\/{rel}","templated":true}]}}