{"id":53274,"date":"2009-03-17T15:32:41","date_gmt":"2009-03-17T14:32:41","guid":{"rendered":"http:\/\/www.ivg.it\/2009\/03\/17\/immigrazione-a-savona-se-ne-parla-in-un-convegno\/"},"modified":"2009-03-18T10:11:22","modified_gmt":"2009-03-18T09:11:22","slug":"immigrazione-a-savona-se-ne-parla-in-un-convegno","status":"publish","type":"post","link":"https:\/\/staging.ivg.it\/2009\/03\/immigrazione-a-savona-se-ne-parla-in-un-convegno\/","title":{"rendered":"Immigrazione a Savona, se ne parla in un convegno"},"content":{"rendered":"<p><strong>[thumb:2201:l]Savona. <\/strong>Si svolger\u00e0 gioved\u00ec 19 marzo alle 17, in Sala Rossa, l&#8217;iniziativa &#8220;Dialogo sull&#8217;immigrazione a Savona&#8221;, a cura della  Fondazione Casa America in collaborazione con il Comune di Savona e la Fondazione &#8220;De Mari&#8221;.<\/p>\n<p>L&#8217;incontro sar\u00e0 aperto da Roberto Speciale, presidente di &#8220;Casa America&#8221;. In seguito interverranno Paolo Caviglia, vicesindaco di Savona, Michele Boffa, presidente della quinta commissione consiliare regionale, Luciano Pasquale, presidente della Fondazione &#8220;De Mari&#8221;. I relatori saranno Deborah Erminio, del centro studi &#8220;Med\u00ec&#8221; di Genova, Reginaldo Vignola, presidente della commissione comunale di studio sulle problematiche dell&#8217;immigrazione.<\/p>\n<p>Saranno inoltre presenti Carlos Rosero Briones, presidente Asociaci\u00f3n de fuerzas ecuatorianas residentes en Savona,  Antonio Garc\u00eda, presidente Unione solidariet\u00e0 ecuadoriani in Italia, Eva Jorquera, corresponsabile ANOLF Savona.<\/p>\n","protected":false},"excerpt":{"rendered":"<p>[thumb:2201:l]Savona. Si svolger\u00e0 gioved\u00ec 19 marzo alle 17, in Sala Rossa, l&#8217;iniziativa &#8220;Dialogo sull&#8217;immigrazione a Savona&#8221;, a cura della Fondazione Casa America in collaborazione con il Comune di Savona e la Fondazione &#8220;De Mari&#8221;. L&#8217;incontro sar\u00e0 aperto da Roberto Speciale, presidente di &#8220;Casa America&#8221;. In seguito interverranno Paolo Caviglia, vicesindaco di Savona, Michele Boffa, presidente [&hellip;]<\/p>\n","protected":false},"author":13744,"featured_media":0,"comment_status":"open","ping_status":"closed","sticky":false,"template":"","format":"standard","meta":{"footnotes":""},"categories":[56],"tags":[86019,876,1550,85850],"class_list":["post-53274","post","type-post","status-publish","format-standard","hentry","category-altre","tag-comune","tag-convegno","tag-immigrazione","tag-savona","post_cat_citta-savona"],"amp_validity":null,"amp_enabled":true,"_links":{"self":[{"href":"https:\/\/staging.ivg.it\/ediapi\/wp\/v2\/posts\/53274","targetHints":{"allow":["GET"]}}],"collection":[{"href":"https:\/\/staging.ivg.it\/ediapi\/wp\/v2\/posts"}],"about":[{"href":"https:\/\/staging.ivg.it\/ediapi\/wp\/v2\/types\/post"}],"author":[{"embeddable":true,"href":"https:\/\/staging.ivg.it\/ediapi\/wp\/v2\/users\/13744"}],"replies":[{"embeddable":true,"href":"https:\/\/staging.ivg.it\/ediapi\/wp\/v2\/comments?post=53274"}],"version-history":[{"count":0,"href":"https:\/\/staging.ivg.it\/ediapi\/wp\/v2\/posts\/53274\/revisions"}],"wp:attachment":[{"href":"https:\/\/staging.ivg.it\/ediapi\/wp\/v2\/media?parent=53274"}],"wp:term":[{"taxonomy":"category","embeddable":true,"href":"https:\/\/staging.ivg.it\/ediapi\/wp\/v2\/categories?post=53274"},{"taxonomy":"post_tag","embeddable":true,"href":"https:\/\/staging.ivg.it\/ediapi\/wp\/v2\/tags?post=53274"}],"curies":[{"name":"wp","href":"https:\/\/api.w.org\/{rel}","templated":true}]}}