{"id":53261,"date":"2009-03-17T13:50:58","date_gmt":"2009-03-17T12:50:58","guid":{"rendered":"http:\/\/www.ivg.it\/2009\/03\/17\/deaziendalizzazione-santa-corona-montaldo-e-miceli-ricorso-necessario\/"},"modified":"2009-03-18T07:44:19","modified_gmt":"2009-03-18T06:44:19","slug":"deaziendalizzazione-santa-corona-montaldo-e-miceli-ricorso-necessario","status":"publish","type":"post","link":"https:\/\/staging.ivg.it\/2009\/03\/deaziendalizzazione-santa-corona-montaldo-e-miceli-ricorso-necessario\/","title":{"rendered":"Santa Corona, Montaldo e Miceli: &#8220;Ricorso necessario&#8221;"},"content":{"rendered":"<p><strong>[thumb:10627:l]Liguria. <\/strong>E&#8217; stata secca la risposta dell&#8217;assessore regionale alla Salute, Claudio Montaldo, alla minoranza consiliare nel corso del dibattito relativo alla sentenza del Tar ligure che ha bocciato l&#8217;accorpamento del Santa Corona con l&#8217;Asl 2 Savonese: &#8220;Non spetta al tribunale amministrativo regionale scegliere un modello clinico o un altro. La deaziendalizzazione dell&#8217;ospedale Santa Corona di Pietra Ligure \u00e8 stata approvata dal tavolo di monitoraggio dei ministeri della Salute e delle Finanze e dal Governo, ed \u00e8 stata valutata opportuna dal punto di vista strutturale e del rispetto dei livelli di assistenza sanitaria&#8221;.<\/p>\n<p>&#8220;Noi riteniamo che il consiglio regionale abbia agito in piena legittimit\u00e0 &#8211; ha spiegato l&#8217;assessore -, scegliendo in modo conforme alla legislazione che questa assemblea si \u00e8 data come la legge 41 del 2006, che prevede che il consiglio regionale, su proposta della giunta, possa istituire o sopprimere aziende, definire le loro dimensioni e missioni&#8221;.<\/p>\n<p>&#8220;Abbiamo discusso a lungo sul provvedimento e sulla portata di tale misura &#8211; ha proseguito ancora Montaldo, ricordando i momenti che hanno portato alla soppressione dell&#8217;azienda ospedaliera del ponente Savonese  -. L&#8217;allora direttore generale del Santa Corona, Neirotti, formul\u00f2 un&#8217;ipotesi di 4 milioni di euro di riduzione di costi a seguito dell&#8217;integrazione dei servizi diagnostici, tecnici e amministrativi. Pertanto \u00e8 stata una scelta motivata da ragioni economiche, oltre che strutturali. Oggi se confrontiamo i costi omogenei abbiamo avuto un risparmio nel 2008 di 1 milione di euro e la previsione di un risparmio nel 2009 di 2,6 milioni&#8221;.<\/p>\n<p>&#8220;A questo &#8211; ha continuato  Montaldo &#8211; si deve aggiungere l&#8217;elemento della validit\u00e0 assistenziale che \u00e8 stato sempre rispettato e che ha portato a nuovi servizi e ad un miglioramento dell&#8217;assistenza grazie ad una maggiore integrazione ospedale-territorio. Risulta quindi contraddittorio invocare una riduzione degli sprechi e poi voler ripristinare ci\u00f2 che si \u00e8 smantellato. Per questo abbiamo fatto ricorso al Consiglio di Stato, perch\u00e9 una situazione di incertezza sarebbe lesiva dell&#8217;organizzazione sanitaria&#8221;.<\/p>\n<p>Non dissimile la posizione del consigliere regionale (e presidente della commissione sanit\u00e0) Nino Miceli, che a margine della seduta ha dichiarato: &#8220;Gli obiettivi contenuti nel Piano di riorganizzazione della rete ospedaliera ligure, che conteneva la deaziendalizzazione del Santa Corona e di Villa Scassi, erano sostanzialmente tre: una diminuzione delle spese che riguardava le sole funzioni amministrative e gestionali e non quindi i servizi sanitari, una migliore integrazione tra gli ospedali della nostra provincia, in particolare tra il nuovo ospedale di Albenga ed il Santa Corona, ed un nuovo e pi\u00f9 efficace rapporto tra i servizi ospedalieri e quelli territoriali&#8221;.<\/p>\n<p>&#8220;Quegl&#8217;obiettivi, e gli atti amministrativi conseguenti, sono stati approvati dalla maggioranza del consiglio regionale e sono stati avvallati, con pochissimi voti contrari, dalla conferenza dei sindaci della nostra provincia &#8211; ha sottolineato poi Miceli -. Ora una sentenza del Tar ha affermato che quella stessa assemblea elettiva avrebbe potuto agire per legge e non attraverso un provvedimento amministrativo&#8221;.<\/p>\n<p>&#8220;Credo che si debba sempre avere rispetto per le sentenze dei tribunali, anche quando affermano tesi diverse da quelle di cui si \u00e8 convinti, tuttavia, non avendo a suo tempo il Tar concesso la sospensiva, i primi atti previsti dalla delibera regionale sono stati compiuti. Ricordo solo i pi\u00f9 significativi: la soppressione degli organi di direzione, l&#8217;istituzione dei dipartimenti provinciali e l&#8217;elezione dei rispettivi responsabili, la razionalizzazione di alcune funzioni primariali, la ricontrattazione, ovviamente ad un minor costo, di alcuni contratti di approvvigionamento e dei servizi diagnostici, l&#8217;accorpamento di alcuni servizi tecnici ed amministrativi &#8211; ha spiegato il presidente della commissione regionale sanit\u00e0 -. In soli sette mesi questi primi atti hanno portato ad un risparmio effettivo su base annua di circa un milione e mezzo di euro. Questi non sono altro che i primissimi risultati di quel processo di razionalizzazione delle funzioni amministrative e gestionali che a regime dovrebbe portare ad un risparmio di circa 4 miloni di euro all&#8217;anno&#8221;.<\/p>\n<p>&#8220;Mi pare che i primi effetti della sentenza del Tar, conseguente ai ricorsi promossi, siano un clima di incertezza e di confusione che certamente non era nelle intenzioni dei ricorrenti. Un certo senso di responsabilit\u00e0 e di condivisione andrebbe ricercato almeno nella risoluzione di questi problemi&#8221;, ha affermato ancora l&#8217;esponente democratico, spiegando poi le motivazioni del ricorso al Consiglio di Stato: &#8220;Penso sia un atto necessario, in qualche modo forse oggi persino compreso da chi non ha apprezzato la deaziendalizzazione, per dare certezze ai cittadini ed ai lavoratori. Inoltre l&#8217;applicazione della delibera regionale stava cominciando a realizzare quella integrazione tra i diversi ospedali della nostra provincia e tra ospedale e territorio che era ed \u00e8 la vera scommessa della riforma introdotta&#8221;.<\/p>\n<p>&#8220;Con il denaro risparmiato &#8211; ha concluso Miceli &#8211; si stanno realizzando gli impegni assunti con la riorganizzazione: non solo, come i cittadini hanno potuto constatare, il mantenimento di tutte le specialit\u00e0 ed i servizi gi\u00e0 esistenti, ma anche l&#8217;avvio dell&#8217;automedicale del finalese, la rianimazione e l&#8217;ostetricia nel nuovo ospedale di Albenga, il &#8216;Trauma Center al Santa Corona e l&#8217;aumento dei posti letto di riabilitazione e lungo degenza. Credo sarebbe un vero peccato dover rinunciare a tutto questo&#8221;.<\/p>\n","protected":false},"excerpt":{"rendered":"<p>[thumb:10627:l]Liguria. E&#8217; stata secca la risposta dell&#8217;assessore regionale alla Salute, Claudio Montaldo, alla minoranza consiliare nel corso del dibattito relativo alla sentenza del Tar ligure che ha bocciato l&#8217;accorpamento del Santa Corona con l&#8217;Asl 2 Savonese: &#8220;Non spetta al tribunale amministrativo regionale scegliere un modello clinico o un altro. La deaziendalizzazione dell&#8217;ospedale Santa Corona di [&hellip;]<\/p>\n","protected":false},"author":4,"featured_media":0,"comment_status":"open","ping_status":"closed","sticky":false,"template":"","format":"standard","meta":{"footnotes":""},"categories":[56,31],"tags":[7634,2734,910,1752,596,302],"class_list":["post-53261","post","type-post","status-publish","format-standard","hentry","category-altre","category-politica","tag-antonino-miceli","tag-assessore","tag-claudio-montaldo","tag-consiglio-regionale","tag-partito-democratico","tag-santa-corona","post_cat_citta-andora","post_cat_citta-pietra-ligure"],"amp_validity":null,"amp_enabled":true,"_links":{"self":[{"href":"https:\/\/staging.ivg.it\/ediapi\/wp\/v2\/posts\/53261","targetHints":{"allow":["GET"]}}],"collection":[{"href":"https:\/\/staging.ivg.it\/ediapi\/wp\/v2\/posts"}],"about":[{"href":"https:\/\/staging.ivg.it\/ediapi\/wp\/v2\/types\/post"}],"author":[{"embeddable":true,"href":"https:\/\/staging.ivg.it\/ediapi\/wp\/v2\/users\/4"}],"replies":[{"embeddable":true,"href":"https:\/\/staging.ivg.it\/ediapi\/wp\/v2\/comments?post=53261"}],"version-history":[{"count":0,"href":"https:\/\/staging.ivg.it\/ediapi\/wp\/v2\/posts\/53261\/revisions"}],"wp:attachment":[{"href":"https:\/\/staging.ivg.it\/ediapi\/wp\/v2\/media?parent=53261"}],"wp:term":[{"taxonomy":"category","embeddable":true,"href":"https:\/\/staging.ivg.it\/ediapi\/wp\/v2\/categories?post=53261"},{"taxonomy":"post_tag","embeddable":true,"href":"https:\/\/staging.ivg.it\/ediapi\/wp\/v2\/tags?post=53261"}],"curies":[{"name":"wp","href":"https:\/\/api.w.org\/{rel}","templated":true}]}}