{"id":532502,"date":"2021-06-23T10:46:05","date_gmt":"2021-06-23T08:46:05","guid":{"rendered":"https:\/\/www.ivg.it\/?p=532502"},"modified":"2021-06-23T11:19:47","modified_gmt":"2021-06-23T09:19:47","slug":"lunder-16-lnd-vince-la-terza-edizione-del-torneo-eusalp-liguria-penultima","status":"publish","type":"post","link":"https:\/\/staging.ivg.it\/2021\/06\/lunder-16-lnd-vince-la-terza-edizione-del-torneo-eusalp-liguria-penultima\/","title":{"rendered":"L&#8217;Under 16 LND vince la terza edizione del Torneo Eusalp, Liguria penultima"},"content":{"rendered":"<p>Inutile dirlo: non ci poteva essere modo migliore per coronare la ripartenza dell&#8217;attivit\u00e0 giovanile se non con un trofeo. E&#8217; ci\u00f2 che ha fatto la Rappresentativa Under 16 superando per 2-0 la selezione del CPA Bolzano nella finale disputata domenica 20 giugno della terza edizione del Torneo Eusalp, primo titolo della sua brevissima storia iniziata nella stagione 2017\/2018 con l&#8217;istituzione del Progetto Giovani da parte della Lnd.<\/p>\n<p>A decidere l&#8217;incontro a Tione di Trento il rigore conquistato ancora una volta da Christian Kosiqi e trasformato da capitan Fraraccio dopo cinque minuti dal fischio d&#8217;inizio, seguito al 1&#8242; della ripresa dal colpo di testa di Simone Cantoni su assist di Mollica. Tanto quanto un gol vale lo show tra i pali di Lorenzo Caviglia nelle prime battute, disinnescando nella stessa azione due tentativi a botta sicura della formazione altoatesina sugli sviluppi di un corner.<\/p>\n<p>&#8220;Faccio i complimenti a questo gruppo fantastico che fin dall&#8217;inizio ha compreso la responsabilit\u00e0 dell&#8217;impegno e l&#8217;opportunit\u00e0 di indossare questa maglia \u00a0&#8211; ha commenta il mister Andrea Albanese al termine del match &#8211; Grande merito va al lavoro dell&#8217;area scouting nel segnalarci calciatori talentuosi e al presidente Sibilia, che nel periodo pi\u00f9 nero ha sempre sostenuto il progetto&#8221;.<\/p>\n<p>Inevitabilmente entusiasta il numero uno della LND Sibilia, il quale per\u00f2, pi\u00f9 del risultato sportivo, ha sottolineato anche con la sua presenza all&#8217;avvio del torneo l&#8217;importanza della ripresa dell&#8217;attivit\u00e0 giovanile dopo un periodo drammatico per il movimento dilettantistico. &#8220;Ho visto coi miei occhi la gioia dei ragazzi nel tornare a fare ci\u00f2 che amano, questo contava pi\u00f9 di ogni altra cosa. Il nostro calcio ha una valenza sociale enorme e imprescindibile, anche nei momenti pi\u00f9 difficili non \u00e8 mai mancato l&#8217;impegno nei loro confronti e continueremo questo percorso che ci sta permettendo di valorizzare molti dei nostri talenti&#8221;.<\/p>\n<p>Per la nostra Regione, il bilancio \u00e8 di due sconfitte iniziali, un pareggio e finalmente una vittoria nella finalina 7\u00b0\/ 8\u00b0 contro il Friuli. Al di l\u00e0 del risultato non certo esaltante, il gruppo 2005 del tandem Orcino-Rossi, ha provato a giocarsela riuscendo ad andare in gol tutte le partite<\/p>\n<p>Ecco il tabellino<br \/>\n<b>UNDER 16 LND &#8211; RAPP. BOLZANO 2-0<\/b><br \/>\n<b>Under 16 Lnd (4-3-1-2)<\/b>: Caviglia; Benedetti, De Pasquale, Bottalico, Della Corte; Fraraccio, Nardi, Vitolo Fe. (34&#8217;st Vitolo Fra.); Mollica (1&#8217;st Larcher); Kosiqi (37&#8217;st Gagliardi), Cantoni (12&#8217;st Rotondo). A disp: Guadalupi, Polanco Angustia, Calgaro. All: Albanese<br \/>\n<b>Rapp. Bolzano (4-4-2)<\/b>: Prando; Zischg (31&#8242; 2.t Calcagnile), Angerer (32&#8242; 2.t Bruzzese), Bernard (31&#8242; 2.t Maschi), Kritzinger; Trocker (1&#8242; 2.t Rabanser), Villgrater, Pacella, Kuppelwieser (7&#8242; 2.t Zeni); Gabloner (27&#8242; 2.t Larcher), Weiss (12&#8242; 2.t Reale). A disp: Wiedenhofer, Klotzner. All: Obrist<br \/>\n<b>Reti<\/b>: 5&#8217;pt rig. Fraraccio, 1&#8217;st Cantoni<\/p>\n","protected":false},"excerpt":{"rendered":"<p>Lo speciale del Ct Vaniglia<\/p>\n","protected":false},"author":18,"featured_media":0,"comment_status":"open","ping_status":"closed","sticky":false,"template":"","format":"standard","meta":{"footnotes":""},"categories":[182,32],"tags":[85989],"class_list":["post-532502","post","type-post","status-publish","format-standard","hentry","category-calcio","category-sport","tag-calcio","testate-www-genova24-it","post_cat_citta-cairo-montenotte"],"amp_validity":null,"amp_enabled":true,"_links":{"self":[{"href":"https:\/\/staging.ivg.it\/ediapi\/wp\/v2\/posts\/532502","targetHints":{"allow":["GET"]}}],"collection":[{"href":"https:\/\/staging.ivg.it\/ediapi\/wp\/v2\/posts"}],"about":[{"href":"https:\/\/staging.ivg.it\/ediapi\/wp\/v2\/types\/post"}],"author":[{"embeddable":true,"href":"https:\/\/staging.ivg.it\/ediapi\/wp\/v2\/users\/18"}],"replies":[{"embeddable":true,"href":"https:\/\/staging.ivg.it\/ediapi\/wp\/v2\/comments?post=532502"}],"version-history":[{"count":0,"href":"https:\/\/staging.ivg.it\/ediapi\/wp\/v2\/posts\/532502\/revisions"}],"wp:attachment":[{"href":"https:\/\/staging.ivg.it\/ediapi\/wp\/v2\/media?parent=532502"}],"wp:term":[{"taxonomy":"category","embeddable":true,"href":"https:\/\/staging.ivg.it\/ediapi\/wp\/v2\/categories?post=532502"},{"taxonomy":"post_tag","embeddable":true,"href":"https:\/\/staging.ivg.it\/ediapi\/wp\/v2\/tags?post=532502"}],"curies":[{"name":"wp","href":"https:\/\/api.w.org\/{rel}","templated":true}]}}