{"id":532363,"date":"2021-06-22T11:31:03","date_gmt":"2021-06-22T09:31:03","guid":{"rendered":"https:\/\/www.ivg.it\/?p=532363"},"modified":"2021-06-22T11:40:50","modified_gmt":"2021-06-22T09:40:50","slug":"prenotazioni-e-sold-out-per-agosto-vince-ancora-la-vacanza-al-mare-nellestate-della-ripartenza","status":"publish","type":"post","link":"https:\/\/staging.ivg.it\/2021\/06\/prenotazioni-e-sold-out-per-agosto-vince-ancora-la-vacanza-al-mare-nellestate-della-ripartenza\/","title":{"rendered":"Prenotazioni e sold out per agosto: vince ancora la vacanza al mare nell&#8217;estate della ripartenza"},"content":{"rendered":"<p><strong>Liguria.<\/strong> Voglia di vacanze nell&#8217;estate della ripartenza e del progressivo ritorno alla normalit\u00e0. Ieri gli albergatori savonesi hanno gi\u00e0 evidenziato un andamento positivo sul fronte delle prenotazioni e delle possibili presenze, questa mattina anche Tullio Galli, Coordinatore nazionale del Turismo della Fenailp, Federazione degli imprenditori e dei liberi professionisti, parla di una stagione estiva nel segno pi\u00f9 per le localit\u00e0 e le destinazioni liguri e italiane.<\/p>\n<p>Prenotazioni &#8216;a tutto gas&#8217; in Italia e nelle riviere liguri &#8211; complice la grande voglia di vacanza e di rinnovata libert\u00e0 &#8211; che sembra un festoso preludio ad una stagione estiva in linea con quelle registrate prima della pandemia: &#8220;Oltre 40 milioni di presenze, soprattutto nelle localit\u00e0 di mare del Sud, e l&#8217;arrivo dei primi significativi turisti stranieri, austriaci, francesi, tedeschi ed americani, stanno gi\u00e0 determinando una consistente ripresa dell&#8217;attivit\u00e0 turistica in moltissimi territori della nostra Penisola con positivi benefici per l&#8217;intera economia locale&#8221; ha affermato Tullio Galli.<\/p>\n<p>Otto italiani su dieci hanno gi\u00e0 programmato la propria vacanza estiva, nel 68% dei casi scegliendo una sistemazione presso strutture extralberghiere, come B&#038;B o case vacanze, villaggi o campeggi, concentrando il periodo delle ferie dal 25 luglio al 22 agosto e preferendo il viaggio in auto rispetto ad altri mezzi di trasporto.<\/p>\n<p>&#8220;Siamo ancora distanti dai grandi numeri registrati dall&#8217;attivit\u00e0 turistica italiana negli anni d&#8217;oro della villeggiatura e del piacere della vacanza &#8211; continua Tullio Galli &#8211; ma le premesse per una grande estate di recupero e di ripartenza ci sono tutte&#8221;.<\/p>\n<p>Dalla qualit\u00e0 dei servizi turistici offerti, ai prezzi assolutamente competitivi rispetto la media europea, dalla variet\u00e0 delle soluzioni ricettive proposte alle innumerevoli opportunit\u00e0 di svago dei nostri territori, marini, montani, termali, d&#8217;arte, cultura ed enogastronomici, la vacanza in Italia continua a rappresentare un &#8216;must&#8217; per il vero turista.<\/p>\n<p>&#8220;Tutto questo, per\u00f2 \u2013 conclude il Coordinatore del Turismo in rappresentanza di oltre 20 mila imprese del settore \u2013 non ci deve far dimenticare la necessit\u00e0 di una programmazione per il futuro, da parte del Governo e delle Regioni, attraverso un Piano di investimenti e di risorse indispensabili ad uno sviluppo di questa fondamentale risorsa economica del nostro Paese, capace di generare circa il 13% del Prodotto Interno Lordo&#8221;.<\/p>\n","protected":false},"excerpt":{"rendered":"<p>L&#8217;analisi della sezione Turismo Fenailp: &#8220;Boom tra il 25 luglio e il 25 agosto&#8221;<\/p>\n","protected":false},"author":4,"featured_media":0,"comment_status":"open","ping_status":"closed","sticky":false,"template":"","format":"standard","meta":{"footnotes":""},"categories":[35],"tags":[118947,119886,107,5276],"class_list":["post-532363","post","type-post","status-publish","format-standard","hentry","category-economia","tag-estate-2021","tag-fenailp","tag-turismo","tag-vacanza"],"amp_validity":null,"amp_enabled":true,"_links":{"self":[{"href":"https:\/\/staging.ivg.it\/ediapi\/wp\/v2\/posts\/532363","targetHints":{"allow":["GET"]}}],"collection":[{"href":"https:\/\/staging.ivg.it\/ediapi\/wp\/v2\/posts"}],"about":[{"href":"https:\/\/staging.ivg.it\/ediapi\/wp\/v2\/types\/post"}],"author":[{"embeddable":true,"href":"https:\/\/staging.ivg.it\/ediapi\/wp\/v2\/users\/4"}],"replies":[{"embeddable":true,"href":"https:\/\/staging.ivg.it\/ediapi\/wp\/v2\/comments?post=532363"}],"version-history":[{"count":0,"href":"https:\/\/staging.ivg.it\/ediapi\/wp\/v2\/posts\/532363\/revisions"}],"wp:attachment":[{"href":"https:\/\/staging.ivg.it\/ediapi\/wp\/v2\/media?parent=532363"}],"wp:term":[{"taxonomy":"category","embeddable":true,"href":"https:\/\/staging.ivg.it\/ediapi\/wp\/v2\/categories?post=532363"},{"taxonomy":"post_tag","embeddable":true,"href":"https:\/\/staging.ivg.it\/ediapi\/wp\/v2\/tags?post=532363"}],"curies":[{"name":"wp","href":"https:\/\/api.w.org\/{rel}","templated":true}]}}