{"id":532344,"date":"2021-06-22T10:02:04","date_gmt":"2021-06-22T08:02:04","guid":{"rendered":"https:\/\/www.ivg.it\/?p=532344"},"modified":"2021-06-22T10:02:04","modified_gmt":"2021-06-22T08:02:04","slug":"savona-bruno-a-caprioglio-ci-permette-due-parole","status":"publish","type":"post","link":"https:\/\/staging.ivg.it\/2021\/06\/savona-bruno-a-caprioglio-ci-permette-due-parole\/","title":{"rendered":"Savona, Bruno a Caprioglio: &#8220;Ci permette due parole?&#8221;"},"content":{"rendered":"<p><strong>Savona<\/strong>. &#8220;Io, con Europa Verde, ci schieriamo dalla parte della libert\u00e0 e della democrazia oltrech\u00e9 dell&#8217;antifascismo, dell&#8217;Europa unita e federata e della pace mentre non so se i suoi comportamenti e quelli della Sua giunta siano stati coerenti e lineari in questa direzione sempre che ella ritenga utile ricordare nelle proprie azioni la memoria storica di una citt\u00e0, medaglia d&#8217;oro della Lotta di Liberazione&#8221;. Cos\u00ec esprime la sua posizione Danilo Bruno, esponente di Europa Verde, e presenta alcune domande sul tema all&#8217;attuale sindaco di Savona Ilaria Caprioglio.<\/p>\n<p><em>La Sindaca di Savona ormai in dismissione sta rilasciando in questi giorni interviste in cui sostanzialmente accusa parte della sua ex maggioranza di averle praticamente fatto la guerra, <a href=\"https:\/\/www.ivg.it\/2021\/06\/i-sassolini-di-ilaria-affaticata-dal-fuoco-amico-ringrazio-montaldo-scaramuzza-rodino-e-romagnoli-e-dimentica-gli-altri-assessori\/\">secondo notizie stampa<\/a>. Io vorrei ora porre alcune domande poich\u00e9 \u00e8 noto che avrebbe potuto evitare molte delle scelte inadeguate compiute, andandosene prima della scadenza del mandato, ma veniamo a quanto le voglio chiedere.<\/em><\/p>\n<p><em>Perch\u00e9 ha accettato di presenziare ad una cerimonia in memoria ai caduti di guerra dove sulla lapide venivano praticamente equiparati coloro che avevano trascinato l&#8217;Italia in guerra e avevano eliminato la democrazia e la libert\u00e0 oltre a compiere stragi di persone innocenti (camicie nere) e coloro che lottarono e anche morirono per la libert\u00e0 d&#8217;Italia (partigiani)?<\/em><\/p>\n<p><em>Perch\u00e9 le parole &#8220;resistenza &#8221; e &#8220;antifascismo&#8221; non compaiono sul monumento a Pertini e neppure viene ricordato il Processo di Savona e la fuga di Turati? Perch\u00e9 bisogna sempre ricordarsi del Pertini, svuotato di ogni idealit\u00e0 e fumatore di pipa come piace forse a lei e a Toti, mentre fu un convinto e grande combattente antifascista in una citt\u00e0, che \u00e8 tuttora medaglia d&#8217;oro della Lotta di Liberazione?<\/em><\/p>\n<p><em>Perch\u00e9, quando il Presidente Mattarella venne a Savona, non fu condotto al Museo Pertini &#8211; Cuneo, di cui la sua Giunta pare vergognarsi e mai \u00e8 stato compiuto in questi cinque anni un solo gesto per valorizzarlo a parte le singolari aperture pre -covid di due ore la settimana portate poi a ben quattro?<\/em><\/p>\n<p><em>Perch\u00e9 non ha mai considerato la possibilit\u00e0 di valorizzare la cella di Mazzini, di cui l&#8217;Istituto Internazionale di Studi Liguri sez. Sabazia ha chiesto a suo tempo la gestione (non gratuita beninteso) e in cui una volta ho pure condotto una visita guidata in occasione di una manifestazione sul Priamar nel 2019. Forse ella non ricorda che Mazzini progett\u00f2 proprio a Savona, dove fu prigioniero fra il novembre 1831 e il marzo 1832, la Giovine Italia ovvero il primo partito politico europeo con un programma e un bilancio oltrech\u00e9 precise norme di iscrizione affinch\u00e9 le giovani generazioni trovassero in se stesse la forza di un moto rivoluzionario, che portasse l&#8217;Italia alla libert\u00e0 e all&#8217;indipendenza oltrech\u00e9 alla Repubblica con Roma capitale (la &#8220;Terza Roma&#8221; di lavoratori e lavoratrici proposta proprio da Mazzini.)<\/em><\/p>\n<p><em>Perch\u00e9 negli ultimi giorni di mandato, oltre a visitare la collezione di burattini Gambarutti se ancora, come aveva promesso, non ci \u00e8 stata, non viene a visitare la cella di Mazzini in cui potremmo vedere i lavori fatti nel centocinquantesimo dell&#8217;Unit\u00e0 d&#8217;Italia per spiegare il senso della presenza mazziniana e capire magari che da Savona egli part\u00ec per un esilio, che dur\u00f2 praticamente tutta la vita ma soprattutto egli teorizz\u00f2 che una nazione non poteva nascere dal nulla ma vi era bisogno di una comune assunzione generale delle proprie responsabilit\u00e0 per dare un nuovo senso della cittadinanza e soprattutto della coscienza nazionale, che si poteva costruire solo sulla cultura , sull&#8217; arte e la storia nazionale, da inserire in un progetto di Europa Unita.<\/em><\/p>\n<p><em>Questi concetti possono essere collocati alla base anche della Lotta di Liberazione quando numerosi ragazzi e ragazze assunsero le proprie responsabilit\u00e0, insorgendo in armi e salendo in montagna per riscattare l&#8217;onore del nostro paese e cacciare la dittatura nazifascista, pur non avendo mai conosciuto la libert\u00e0 e la democrazia. Io chiudo qui per spiegare che io, con Europa Verde, ci schieriamo dalla parte della libert\u00e0 e della democrazia oltrech\u00e9 dell&#8217;antifascismo, dell&#8217;Europa unita e federata e della pace mentre non so se i suoi comportamenti e quelli della Sua giunta siano stati coerenti e lineari in questa direzione sempre che ella ritenga utile ricordare nelle proprie azioni la memoria storica di una citt\u00e0, medaglia d&#8217;oro della Lotta di Liberazione.<\/em><\/p>\n","protected":false},"excerpt":{"rendered":"<p>L&#8217;esponente di Europa Verde pone alcune domande al sindaco<\/p>\n","protected":false},"author":20734,"featured_media":0,"comment_status":"open","ping_status":"closed","sticky":false,"template":"","format":"standard","meta":{"footnotes":""},"categories":[120],"tags":[],"class_list":["post-532344","post","type-post","status-publish","format-standard","hentry","category-lettere","post_cat_citta-savona","post_tag_personaggi-danilo-bruno"],"amp_validity":null,"amp_enabled":true,"_links":{"self":[{"href":"https:\/\/staging.ivg.it\/ediapi\/wp\/v2\/posts\/532344","targetHints":{"allow":["GET"]}}],"collection":[{"href":"https:\/\/staging.ivg.it\/ediapi\/wp\/v2\/posts"}],"about":[{"href":"https:\/\/staging.ivg.it\/ediapi\/wp\/v2\/types\/post"}],"author":[{"embeddable":true,"href":"https:\/\/staging.ivg.it\/ediapi\/wp\/v2\/users\/20734"}],"replies":[{"embeddable":true,"href":"https:\/\/staging.ivg.it\/ediapi\/wp\/v2\/comments?post=532344"}],"version-history":[{"count":0,"href":"https:\/\/staging.ivg.it\/ediapi\/wp\/v2\/posts\/532344\/revisions"}],"wp:attachment":[{"href":"https:\/\/staging.ivg.it\/ediapi\/wp\/v2\/media?parent=532344"}],"wp:term":[{"taxonomy":"category","embeddable":true,"href":"https:\/\/staging.ivg.it\/ediapi\/wp\/v2\/categories?post=532344"},{"taxonomy":"post_tag","embeddable":true,"href":"https:\/\/staging.ivg.it\/ediapi\/wp\/v2\/tags?post=532344"}],"curies":[{"name":"wp","href":"https:\/\/api.w.org\/{rel}","templated":true}]}}