{"id":53217,"date":"2009-03-17T11:26:21","date_gmt":"2009-03-17T10:26:21","guid":{"rendered":"http:\/\/www.ivg.it\/2009\/03\/17\/albenga-daniela-santanche-al-laboratorio-sociopolitico-del-cav-i\/"},"modified":"2009-03-17T17:55:14","modified_gmt":"2009-03-17T16:55:14","slug":"albenga-daniela-santanche-al-laboratorio-sociopolitico-del-cav-i","status":"publish","type":"post","link":"https:\/\/staging.ivg.it\/2009\/03\/albenga-daniela-santanche-al-laboratorio-sociopolitico-del-cav-i\/","title":{"rendered":"Albenga, Daniela Santanch\u00e9 al laboratorio sociopolitico del Cav-i"},"content":{"rendered":"<p><strong>[thumb:10160:l]Albenga. <\/strong>Si terr\u00e0 venerd\u00ec 20 marzo, alle 20,30 presso l&#8217;auditorium San Carlo di Albenga, il quinto della serie di incontri del laboratorio di analisi socio-politica promossi dal Cav ingauno e Federvita. &#8220;Il mondo della donna, le politiche sociali, l&#8217;impegno nel volontariato e la sussidiariet\u00e0 nel mondo femminile&#8221;. Saranno questi gli argomenti trattati dai relatori della serata, Daniela Santanch\u00e8, segretario del &#8220;Movimento per l&#8217;Italia&#8221;, Antonietta Semeria Lanna, direttrice del Cespim di Imperia, ed Elena Strada, consigliere ingauno del direttivo dell\u00b4Uildm.<\/p>\n<p>&#8220;La visione del mondo femminile &#8211; spiega Eraldo Ciangherotti &#8211; sar\u00e0 raccontata attraverso l\u00b4esperienza di vita di donne impegnate da sempre a valorizzare il peso della donna nel suo ruolo familiare e sociale, con una esclusiva testimonianza di chi vive, in condizioni di disabilit\u00e0, l\u00b4impegno per promuovere e favorire l\u00b4integrazione sociale anche delle donne disabili&#8221;.<\/p>\n<p>&#8220;\u00c8 necessario attuare politiche mirate per garantire le pari opportunit\u00e0 nello sviluppo delle carriere e nell&#8217;accesso a nuove opportunit\u00e0 di lavoro e all&#8217;attivit\u00e0 imprenditoriale, favorendo la promozione e la valorizzazione delle donne nel mondo del lavoro, la riduzione delle discriminazioni di genere e, pi\u00f9 un generale, la diffusione della cultura di parit\u00e0&#8221; dichiara il presidente ligure di Federvita, che poi prosegue: &#8220;Al Cav-i spesso arrivano donne che, di fronte alla maternit\u00e0, sono costrette a sacrificare la propria occupazione, perch\u00e9 non hanno a disposizione strumenti istituzionali che possano garantire l\u00b4impegno lavorativo. Pi\u00f9 volte infatti abbiamo denunciato la carenza di servizi basilari nel territorio della provincia di Savona, come gli asili nido comunali&#8221;.<\/p>\n<p>&#8220;Non possiamo non favorire &#8211; poi conclude Ciangherotti &#8211; il ruolo della donna nella promozione della maternit\u00e0, dimenticandoci di riconoscere il valore del lavoro femminile in termini sia quantitativi che qualitativi in ogni settore, mansione e grado. Per tentare di contrastare il tasso di denatalit\u00e0, pi\u00f9 che tante tavole rotonde culturali, bisogna identificare con coraggio e successivamente correggere le disparit\u00e0 che colpiscono le donne nell&#8217;accesso e nella partecipazione al mercato del lavoro&#8221;.<\/p>\n","protected":false},"excerpt":{"rendered":"<p>[thumb:10160:l]Albenga. Si terr\u00e0 venerd\u00ec 20 marzo, alle 20,30 presso l&#8217;auditorium San Carlo di Albenga, il quinto della serie di incontri del laboratorio di analisi socio-politica promossi dal Cav ingauno e Federvita. &#8220;Il mondo della donna, le politiche sociali, l&#8217;impegno nel volontariato e la sussidiariet\u00e0 nel mondo femminile&#8221;. Saranno questi gli argomenti trattati dai relatori della [&hellip;]<\/p>\n","protected":false},"author":13744,"featured_media":0,"comment_status":"open","ping_status":"closed","sticky":false,"template":"","format":"standard","meta":{"footnotes":""},"categories":[56],"tags":[85841,7445,7630,1238,5183,2860],"class_list":["post-53217","post","type-post","status-publish","format-standard","hentry","category-altre","tag-albenga","tag-cav-ingauno","tag-daniela-santanche","tag-eraldo-ciangherotti","tag-federvita","tag-incontro","post_cat_citta-albenga"],"amp_validity":null,"amp_enabled":true,"_links":{"self":[{"href":"https:\/\/staging.ivg.it\/ediapi\/wp\/v2\/posts\/53217","targetHints":{"allow":["GET"]}}],"collection":[{"href":"https:\/\/staging.ivg.it\/ediapi\/wp\/v2\/posts"}],"about":[{"href":"https:\/\/staging.ivg.it\/ediapi\/wp\/v2\/types\/post"}],"author":[{"embeddable":true,"href":"https:\/\/staging.ivg.it\/ediapi\/wp\/v2\/users\/13744"}],"replies":[{"embeddable":true,"href":"https:\/\/staging.ivg.it\/ediapi\/wp\/v2\/comments?post=53217"}],"version-history":[{"count":0,"href":"https:\/\/staging.ivg.it\/ediapi\/wp\/v2\/posts\/53217\/revisions"}],"wp:attachment":[{"href":"https:\/\/staging.ivg.it\/ediapi\/wp\/v2\/media?parent=53217"}],"wp:term":[{"taxonomy":"category","embeddable":true,"href":"https:\/\/staging.ivg.it\/ediapi\/wp\/v2\/categories?post=53217"},{"taxonomy":"post_tag","embeddable":true,"href":"https:\/\/staging.ivg.it\/ediapi\/wp\/v2\/tags?post=53217"}],"curies":[{"name":"wp","href":"https:\/\/api.w.org\/{rel}","templated":true}]}}