{"id":531804,"date":"2021-06-17T17:26:34","date_gmt":"2021-06-17T15:26:34","guid":{"rendered":"https:\/\/www.ivg.it\/?p=531804"},"modified":"2021-06-17T17:31:47","modified_gmt":"2021-06-17T15:31:47","slug":"autostrade-lega-12-miliardi-opere-compensative-devono-restare-in-liguria","status":"publish","type":"post","link":"https:\/\/staging.ivg.it\/2021\/06\/autostrade-lega-12-miliardi-opere-compensative-devono-restare-in-liguria\/","title":{"rendered":"Autostrade, Lega: &#8220;1,2 miliardi opere compensative devono restare in Liguria&#8221;"},"content":{"rendered":"<p><strong>Liguria.<\/strong> &#8220;Le opere compensative per 1,2 miliardi di euro destinate alla Liguria, a seguito del tragico crollo del Ponte Morandi, risultano cancellate dall&#8217;accordo raggiunto per la vendita di Autostrade e sostituite con una riduzione percentuale dei pedaggi sulla rete nazionale gestita dal concessionario&#8221;. <\/p>\n<p>Lo ha dichiarato il capogruppo regionale Stefano Mai (Lega).<\/p>\n<p>&#8220;Una beffa intollerabile per il nostro territorio, segnalata con una lettera formale dei parlamentari liguri al ministro delle Infrastrutture Enrico Giovannini&#8221;. <\/p>\n<p>&#8220;Non si pu\u00f2 accettare una soluzione del genere. I fondi devono essere destinati alla Liguria per finanziare le opere compensative e per i ristori alle aziende dell&#8217;autotrasporto&#8221;. <\/p>\n<p>&#8220;Pertanto, la Lega ha presentato un ordine del giorno, che gi\u00e0 marted\u00ec prossimo in aula sar\u00e0 sottoposto alla firma di tutti i gruppi politici, in cui si chiede l&#8217;impegno della giunta regionale a esprimere in ogni sede pieno sostegno ai contenuti della missiva dei parlamentari liguri&#8221;. <\/p>\n<p>&#8220;Auspichiamo che, nell&#8217;interesse del nostro territorio, il nostro documento venga sottoscritto e votato in aula dai colleghi di tutti i partiti&#8221; conclude Mai.<\/p>\n","protected":false},"excerpt":{"rendered":"<p>Il capogruppo Mai: &#8220;Pieno sostegno ai contenuti della missiva dei parlamentari liguri&#8221;<\/p>\n","protected":false},"author":4,"featured_media":0,"comment_status":"open","ping_status":"closed","sticky":false,"template":"","format":"standard","meta":{"footnotes":""},"categories":[31],"tags":[360,114020,103288],"class_list":["post-531804","post","type-post","status-publish","format-standard","hentry","category-politica","tag-autostrade","tag-caos-autostrade","tag-crollo-ponte-morandi","post_tag_personaggi-stefano-mai"],"amp_validity":null,"amp_enabled":true,"_links":{"self":[{"href":"https:\/\/staging.ivg.it\/ediapi\/wp\/v2\/posts\/531804","targetHints":{"allow":["GET"]}}],"collection":[{"href":"https:\/\/staging.ivg.it\/ediapi\/wp\/v2\/posts"}],"about":[{"href":"https:\/\/staging.ivg.it\/ediapi\/wp\/v2\/types\/post"}],"author":[{"embeddable":true,"href":"https:\/\/staging.ivg.it\/ediapi\/wp\/v2\/users\/4"}],"replies":[{"embeddable":true,"href":"https:\/\/staging.ivg.it\/ediapi\/wp\/v2\/comments?post=531804"}],"version-history":[{"count":0,"href":"https:\/\/staging.ivg.it\/ediapi\/wp\/v2\/posts\/531804\/revisions"}],"wp:attachment":[{"href":"https:\/\/staging.ivg.it\/ediapi\/wp\/v2\/media?parent=531804"}],"wp:term":[{"taxonomy":"category","embeddable":true,"href":"https:\/\/staging.ivg.it\/ediapi\/wp\/v2\/categories?post=531804"},{"taxonomy":"post_tag","embeddable":true,"href":"https:\/\/staging.ivg.it\/ediapi\/wp\/v2\/tags?post=531804"}],"curies":[{"name":"wp","href":"https:\/\/api.w.org\/{rel}","templated":true}]}}