{"id":531629,"date":"2021-06-16T14:37:52","date_gmt":"2021-06-16T12:37:52","guid":{"rendered":"https:\/\/www.ivg.it\/?p=531629"},"modified":"2021-06-16T14:37:52","modified_gmt":"2021-06-16T12:37:52","slug":"arresto-cardiaco-due-mani-possono-salvare-una-vita-a-pietra-due-serate-sul-primo-soccorso","status":"publish","type":"post","link":"https:\/\/staging.ivg.it\/2021\/06\/arresto-cardiaco-due-mani-possono-salvare-una-vita-a-pietra-due-serate-sul-primo-soccorso\/","title":{"rendered":"Arresto cardiaco, due mani possono salvare una vita: a Pietra due serate sul primo soccorso"},"content":{"rendered":"<p><strong>Pietra Ligure. <\/strong>Il 18 e il 22 giugno prossimi, alle ore 20, presso la sede sociale, in via F. Crispi 41, Pietra Ligure di Pietra Soccorso, si svolgeranno due serate, per imparare, per discutere, per saziare la curiosit\u00e0 sulle tecniche di primo soccorso. Verranno presi in esame i pi\u00f9 comuni malori e le emergenze mediche che si possono incontrare, dove un riconoscimento e un trattamento tempestivo, pu\u00f2 fare la differenza.<\/p>\n<p>&#8220;Nel recente arresto cardiaco improvviso capitato ai Campionati Europei di calcio &#8211; si legge in una nota dell&#8217;associazione pietrese -, l&#8217;esito non \u00e8 dipeso dalla fortuna o da potenze sopranaturali, \u00e8 dipeso da due mani. Due mani addestrate che senza tanti pensieri, senza paura, senza improvvisazioni si sono mosse come \u00e8 stato loro insegnato. \u00a0Formazione, preparazione, motivazione, equipaggiamento. Consapevolezza di cosa fare, disponibilit\u00e0 a farlo: poche manovre, facili da eseguire per chiunque, cruciali per salvare una vita. \u00a0La differenza l&#8217;hanno fatta due mani, due mani che potrebbero essere le tue&#8221;.<\/p>\n<div class=\"single-img-content-container fullwidth-single shortcode standard\">\n    <div class=\"image_container\" style=\"text-align: center;\">\n        <picture class=\" lazyload\"><img loading=\"lazy\" class=\"lazy\" data-srcset=\"https:\/\/www.ivg.it\/photogallery_new\/images\/2021\/06\/generico-giugno-2021-691400.jpg 1024w, https:\/\/www.ivg.it\/photogallery_new\/images\/2021\/06\/generico-giugno-2021-691400.jpg 970w, https:\/\/www.ivg.it\/photogallery_new\/images\/2021\/06\/generico-giugno-2021-691400.jpg 660w, https:\/\/www.ivg.it\/photogallery_new\/images\/2021\/06\/generico-giugno-2021-691400.jpg 316w, https:\/\/www.ivg.it\/photogallery_new\/images\/2021\/06\/generico-giugno-2021-691400.jpg 150w\"  data-src=\"https:\/\/www.ivg.it\/photogallery_new\/images\/2021\/06\/generico-giugno-2021-691400.jpg\" alt=\"Generico giugno 2021\" \/><\/picture>\r\n\n    <\/div>\n    <\/div>\n\n<p>&#8220;L&#8217;arresto cardiaco improvviso (Sudden Cardiac Arrest, SCA) \u00e8 la terza causa di morte in\u00a0Europa &#8211; precisano da Pietra Soccorso -. Ogni giorno in Europa 1000 persone muoiono per arresto cardiaco, tante quanto ne trasportano due Jumbo Jet. Il 70% degli arresti cardiaci avviene in presenza di qualcuno che potrebbe iniziare la rianimazione cardio polmonare (RCP), ma quest&#8217;ultima viene iniziata soltanto nel 15% dei casi.\u00a0L&#8217;uso dei defibrillatori automatici esterni (DAE) rimane basso (valori compresi tra 3.8% e 59%).\u00a0Gli esiti neurologici sfavorevoli sono pi\u00f9 comuni (50%, con un 33% dei pazienti che permane in stato vegetativo persistente).\u00a0Tra i sopravvissuti con un buon esito neurologico, sono comuni problemi neurocognitivi, affaticamento e problemi emotivi, che portano ad una riduzione della qualit\u00e0 della vita&#8221;.<\/p>\n<p>&#8220;Unisciti a noi, sei il benvenuto&#8221; concludono dall&#8217;associazione pietrese.<\/p>\n","protected":false},"excerpt":{"rendered":"<p>Organizzate dall&#8217;associazione Pietra Soccorso: &#8220;Unisciti a noi, sei il benvenuto&#8221;<\/p>\n","protected":false},"author":17962,"featured_media":0,"comment_status":"open","ping_status":"closed","sticky":false,"template":"","format":"standard","meta":{"footnotes":""},"categories":[45296,56],"tags":[2031],"class_list":["post-531629","post","type-post","status-publish","format-standard","hentry","category-copertina","category-altre","tag-primo-soccorso","post_cat_citta-pietra-ligure"],"amp_validity":null,"amp_enabled":true,"_links":{"self":[{"href":"https:\/\/staging.ivg.it\/ediapi\/wp\/v2\/posts\/531629","targetHints":{"allow":["GET"]}}],"collection":[{"href":"https:\/\/staging.ivg.it\/ediapi\/wp\/v2\/posts"}],"about":[{"href":"https:\/\/staging.ivg.it\/ediapi\/wp\/v2\/types\/post"}],"author":[{"embeddable":true,"href":"https:\/\/staging.ivg.it\/ediapi\/wp\/v2\/users\/17962"}],"replies":[{"embeddable":true,"href":"https:\/\/staging.ivg.it\/ediapi\/wp\/v2\/comments?post=531629"}],"version-history":[{"count":0,"href":"https:\/\/staging.ivg.it\/ediapi\/wp\/v2\/posts\/531629\/revisions"}],"wp:attachment":[{"href":"https:\/\/staging.ivg.it\/ediapi\/wp\/v2\/media?parent=531629"}],"wp:term":[{"taxonomy":"category","embeddable":true,"href":"https:\/\/staging.ivg.it\/ediapi\/wp\/v2\/categories?post=531629"},{"taxonomy":"post_tag","embeddable":true,"href":"https:\/\/staging.ivg.it\/ediapi\/wp\/v2\/tags?post=531629"}],"curies":[{"name":"wp","href":"https:\/\/api.w.org\/{rel}","templated":true}]}}