{"id":531575,"date":"2021-06-16T08:49:17","date_gmt":"2021-06-16T06:49:17","guid":{"rendered":"http:\/\/www.ivg.it\/?p=531575"},"modified":"2021-06-16T08:49:17","modified_gmt":"2021-06-16T06:49:17","slug":"maturita-si-parte-con-i-maxi-orali-liguria-seconda-regione-per-non-ammessi","status":"publish","type":"post","link":"https:\/\/staging.ivg.it\/2021\/06\/maturita-si-parte-con-i-maxi-orali-liguria-seconda-regione-per-non-ammessi\/","title":{"rendered":"Maturit\u00e0, si parte con i maxi-orali: Liguria seconda regione per non ammessi"},"content":{"rendered":"<p><strong>Liguria.<\/strong> Sono 11.700 gli studenti liguri che quest\u2019anno affronteranno l\u2019esame di maturit\u00e0. Oggi si parte con i <strong>maxi-orali<\/strong> <strong>della durata di un\u2019ora<\/strong>, niente prove scritte quindi, i candidati dovranno presentare un elaborato che riguarda le discipline caratterizzanti l\u2019indirizzo di studi.<\/p>\n<p>Solo il <strong>94,8% degli studenti liguri \u00e8 stato ammesso all&#8217;esame<\/strong>, a fronte di una media nazionale del 96,2% (fonte ministero dell&#8217;Istruzione). Liguria severa, dunque, seconda solo alla Sardegna che ha il record di non ammessi: l&#8217;8,5%.<\/p>\n<p>Si parte questa mattina alle 8,30 con un numero <strong>massimo di 5 candidati<\/strong> al giorno, secondo le regole del protocollo del ministero dell\u2019Istruzione.<\/p>\n<p>La prova \u00e8 strutturata in modo analogo allo scorso anno. La principale novit\u00e0 \u00e8 il <strong>\u201ccurriculum dello studente\u201d<\/strong>: un documento che sintetizza il percorso scolastico, e non solo, di ogni candidato. La commissione potr\u00e0 cos\u00ec conoscere meglio chi ha davanti attraverso la descrizione di tutte le attivit\u00e0 svolte durante l\u2019arco del quinquennio.<\/p>\n<p>Il <strong>colloquio proseguir\u00e0<\/strong> poi con la discussione di un testo gi\u00e0 oggetto di studio nell&#8217;ambito dell&#8217;insegnamento di lingua e letteratura italiana, con l&#8217;analisi di materiali (un testo, un documento, un&#8217;esperienza, un problema, un progetto) predisposti dalla commissione.<\/p>\n<p>Spazio anche per l&#8217;esposizione dell&#8217;esperienza svolta nei Pcto (Percorsi per le competenze trasversali e l&#8217;orientamento) e per le competenze e le conoscenze previste nell&#8217;ambito dell&#8217;educazione civica.<\/p>\n<p>La <strong>commissione<\/strong> sar\u00e0 interna (sei elementi) tranne il presidente.<\/p>\n<p>Il credito scolastico sar\u00e0 attribuito fino a un massimo di 60 punti, di cui fino a 18 per la classe terza, fino a 20 per la classe quarta e fino a 22 per la classe quinta. Con l&#8217;orale verranno assegnati fino a 40 punti. La valutazione finale sar\u00e0 espressa in centesimi e sar\u00e0 possibile ottenere la lode.<\/p>\n<p>&#8220;La maturit\u00e0 ha un senso se torna ad essere un esame che valuta tutto il percorso di un ragazzo. Gli studenti devono essere valutati per quello che hanno imparato e quello che hanno ottenuto. Il fatto di avere un presidente esterno d\u00e0 un carattere di solidit\u00e0 a questo esame&#8221;. Lo ha detto ieri il ministro dell&#8217;Istruzione <strong>Patrizio Bianchi<\/strong> in un&#8217;intervista a Repubblica.it.<\/p>\n<p><strong>Ilaria Cavo<\/strong>, assessore all&#8217;Istruzione della Regione Liguria, ha dato il suo \u2018in bocca al lupo\u2019 via Facebook: &#8220;In queste settimane ho incontrato diverse classi di maturandi e ho apprezzato il loro grande impegno nell&#8217;elaborato da presentare. Il fatto di fare solo una prova orale sono certa che non verr\u00e0 vissuta come un esame di minor valore, ma con grande senso di responsabilit\u00e0 e di maturit\u00e0. \u2018Essere maturo significa sapersi gestire, questi mesi ce lo hanno insegnato\u2019 mi ha detto un ragazzo qualche giorno fa in una scuola. Penso che abbia ragione: sar\u00e0 una prova piena per ragazzi che hanno dimostrato disponibilit\u00e0 e pazienza e che dimostreranno al meglio la loro maturit\u00e0&#8221;.<\/p>\n<h4 class=\"article_heading\">Le regole<\/h4>\n<p>Gli studenti dovranno arrivare <strong>15 minuti prima della convocazione<\/strong> e portare un&#8217;<strong>autodichiarazione.<\/strong> Obbligatoria la mascherina di tipo chirurgico per gli spostamenti all&#8217;interno della scuola. I maturandi potranno togliersi la mascherina solo durante il colloquio e mantenere una distanza di due metri dalla commissione. I ragazzi potranno portare con loro <strong>un solo accompagnatore<\/strong>, che dovr\u00e0 rispettare la distanza e indossare la mascherina. Al termine della prova, gli studenti<strong> non potranno sostare negli spazi dell&#8217;edificio ma dovranno uscire dalla scuola<\/strong>.<\/p>\n<p>&nbsp;<\/p>\n","protected":false},"excerpt":{"rendered":"<p>Solo il 94,8% degli studenti liguri \u00e8 stato ammesso all&#8217;esame<\/p>\n","protected":false},"author":11916,"featured_media":0,"comment_status":"open","ping_status":"closed","sticky":false,"template":"","format":"standard","meta":{"footnotes":""},"categories":[45296,34],"tags":[113785,119811],"class_list":["post-531575","post","type-post","status-publish","format-standard","hentry","category-copertina","category-cronaca","tag-covid","tag-maturita-2021"],"amp_validity":null,"amp_enabled":true,"_links":{"self":[{"href":"https:\/\/staging.ivg.it\/ediapi\/wp\/v2\/posts\/531575","targetHints":{"allow":["GET"]}}],"collection":[{"href":"https:\/\/staging.ivg.it\/ediapi\/wp\/v2\/posts"}],"about":[{"href":"https:\/\/staging.ivg.it\/ediapi\/wp\/v2\/types\/post"}],"author":[{"embeddable":true,"href":"https:\/\/staging.ivg.it\/ediapi\/wp\/v2\/users\/11916"}],"replies":[{"embeddable":true,"href":"https:\/\/staging.ivg.it\/ediapi\/wp\/v2\/comments?post=531575"}],"version-history":[{"count":0,"href":"https:\/\/staging.ivg.it\/ediapi\/wp\/v2\/posts\/531575\/revisions"}],"wp:attachment":[{"href":"https:\/\/staging.ivg.it\/ediapi\/wp\/v2\/media?parent=531575"}],"wp:term":[{"taxonomy":"category","embeddable":true,"href":"https:\/\/staging.ivg.it\/ediapi\/wp\/v2\/categories?post=531575"},{"taxonomy":"post_tag","embeddable":true,"href":"https:\/\/staging.ivg.it\/ediapi\/wp\/v2\/tags?post=531575"}],"curies":[{"name":"wp","href":"https:\/\/api.w.org\/{rel}","templated":true}]}}