{"id":531437,"date":"2021-06-14T23:28:52","date_gmt":"2021-06-14T21:28:52","guid":{"rendered":"https:\/\/www.ivg.it\/?p=531437"},"modified":"2021-06-18T18:22:06","modified_gmt":"2021-06-18T16:22:06","slug":"anteprima-meeting-arcobaleno-torna-latletica-allolmo-ferro-di-celle-ligure","status":"publish","type":"post","link":"https:\/\/staging.ivg.it\/2021\/06\/anteprima-meeting-arcobaleno-torna-latletica-allolmo-ferro-di-celle-ligure\/","title":{"rendered":"Anteprima Meeting Arcobaleno, torna l&#8217;atletica all&#8217;Olmo Ferro di Celle Ligure"},"content":{"rendered":"<p><strong>Celle Ligure.<\/strong> Si riparte con il progetto <strong>Meeting Arcobaleno,<\/strong> evento internazionale giunto alla <strong>32\u00aa edizione<\/strong> dopo l\u2019annullamento del 2020 causa situazione pandemica.<strong> Si riparte con l\u2019atletica leggera agonistica presso il centro sportivo Giuseppe Olmo\/Pino Ferro di Celle Ligure,<\/strong> opera di un consistente intervento di restyling portato a compimento nel 2017 grazie all\u2019impegno congiunto delle amministrazioni comunali di Celle Ligure e Varazze.<\/p>\n<p><strong>Il Meeting Arcobaleno AtleticaEuropa, che andr\u00e0 in scena gioved\u00ec 22 luglio, \u00e8 preceduto da una &#8220;prova generale&#8221;, non a caso denominata Anteprima Meeting Arcobaleno, in programma mercoled\u00ec 16 giugno<\/strong>. Un ritorno ma anche un test per verificare le situazioni di gara ed i vari meccanismi, per tornare a radunare i numerosi volontari, componente essenziale per la realizzazione dell\u2019evento.<\/p>\n<p><strong>Appuntamento con ritrovo a partire dalle ore 16 e programma gare che inizier\u00e0 alle 17 e terminer\u00e0 intorno alle 21.<\/strong> Moltissime le adesioni dal nord Italia, con numerosi club tradizionali frequentatori della struttura prima del tribolato periodo Covid che tornano a trovare gli organizzatori del Centro Atletica Celle Ligure ed Atletica Arcobaleno Savona, i quali daranno loro il pi\u00f9 caloroso &#8220;benvenuto&#8221;.<\/p>\n<div class=\"single-img-content-container fullwidth-single shortcode standard\">\n    <div class=\"image_container\" style=\"text-align: center;\">\n        <picture class=\" lazyload\"><img loading=\"lazy\" class=\"lazy\" data-srcset=\"https:\/\/www.ivg.it\/photogallery_new\/images\/2021\/06\/anteprima-meeting-arcobaleno-690989.jpg 1024w, https:\/\/www.ivg.it\/photogallery_new\/images\/2021\/06\/anteprima-meeting-arcobaleno-690989.jpg 970w, https:\/\/www.ivg.it\/photogallery_new\/images\/2021\/06\/anteprima-meeting-arcobaleno-690989.jpg 660w, https:\/\/www.ivg.it\/photogallery_new\/images\/2021\/06\/anteprima-meeting-arcobaleno-690989.jpg 316w, https:\/\/www.ivg.it\/photogallery_new\/images\/2021\/06\/anteprima-meeting-arcobaleno-690989.jpg 150w\"  data-src=\"https:\/\/www.ivg.it\/photogallery_new\/images\/2021\/06\/anteprima-meeting-arcobaleno-690989.jpg\" alt=\"ANTEPRIMA MEETING ARCOBALENO\" \/><\/picture>\r\n\n    <\/div>\n    <\/div>\n\n<div class=\"single-img-content-container fullwidth-single shortcode standard\">\n    <div class=\"image_container\" style=\"text-align: center;\">\n        <picture class=\" lazyload\"><img loading=\"lazy\" class=\"lazy\" data-srcset=\"https:\/\/www.ivg.it\/photogallery_new\/images\/2021\/06\/anteprima-meeting-arcobaleno-690990.jpg 1024w, https:\/\/www.ivg.it\/photogallery_new\/images\/2021\/06\/anteprima-meeting-arcobaleno-690990.jpg 970w, https:\/\/www.ivg.it\/photogallery_new\/images\/2021\/06\/anteprima-meeting-arcobaleno-690990.jpg 660w, https:\/\/www.ivg.it\/photogallery_new\/images\/2021\/06\/anteprima-meeting-arcobaleno-690990.jpg 316w, https:\/\/www.ivg.it\/photogallery_new\/images\/2021\/06\/anteprima-meeting-arcobaleno-690990.jpg 150w\"  data-src=\"https:\/\/www.ivg.it\/photogallery_new\/images\/2021\/06\/anteprima-meeting-arcobaleno-690990.jpg\" alt=\"ANTEPRIMA MEETING ARCOBALENO\" \/><\/picture>\r\n\n    <\/div>\n    <\/div>\n\n","protected":false},"excerpt":{"rendered":"<p>Preludio al Meeting Arcobaleno AtleticaEuropa, in programma gioved\u00ec 22 luglio <\/p>\n","protected":false},"author":18,"featured_media":0,"comment_status":"open","ping_status":"closed","sticky":false,"template":"","format":"standard","meta":{"footnotes":""},"categories":[45296,47716,32],"tags":[119799,5280,5129],"class_list":["post-531437","post","type-post","status-publish","format-standard","hentry","category-copertina","category-atletica-sport","category-sport","tag-anteprima-meeting-arcobaleno","tag-atletica-leggera","tag-meeting-arcobaleno-atleticaeuropa","post_cat_citta-celle-ligure","post_cat_citta-varazze"],"amp_validity":null,"amp_enabled":true,"_links":{"self":[{"href":"https:\/\/staging.ivg.it\/ediapi\/wp\/v2\/posts\/531437","targetHints":{"allow":["GET"]}}],"collection":[{"href":"https:\/\/staging.ivg.it\/ediapi\/wp\/v2\/posts"}],"about":[{"href":"https:\/\/staging.ivg.it\/ediapi\/wp\/v2\/types\/post"}],"author":[{"embeddable":true,"href":"https:\/\/staging.ivg.it\/ediapi\/wp\/v2\/users\/18"}],"replies":[{"embeddable":true,"href":"https:\/\/staging.ivg.it\/ediapi\/wp\/v2\/comments?post=531437"}],"version-history":[{"count":0,"href":"https:\/\/staging.ivg.it\/ediapi\/wp\/v2\/posts\/531437\/revisions"}],"wp:attachment":[{"href":"https:\/\/staging.ivg.it\/ediapi\/wp\/v2\/media?parent=531437"}],"wp:term":[{"taxonomy":"category","embeddable":true,"href":"https:\/\/staging.ivg.it\/ediapi\/wp\/v2\/categories?post=531437"},{"taxonomy":"post_tag","embeddable":true,"href":"https:\/\/staging.ivg.it\/ediapi\/wp\/v2\/tags?post=531437"}],"curies":[{"name":"wp","href":"https:\/\/api.w.org\/{rel}","templated":true}]}}