{"id":530864,"date":"2021-06-10T16:12:34","date_gmt":"2021-06-10T14:12:34","guid":{"rendered":"https:\/\/www.ivg.it\/?p=530864"},"modified":"2021-06-10T16:15:36","modified_gmt":"2021-06-10T14:15:36","slug":"autostrade-tosi-m5s-dopo-lincontro-con-i-concessionari-finalmente-fatta-luce-sugli-interventi-sulla-nostra-rete","status":"publish","type":"post","link":"https:\/\/staging.ivg.it\/2021\/06\/autostrade-tosi-m5s-dopo-lincontro-con-i-concessionari-finalmente-fatta-luce-sugli-interventi-sulla-nostra-rete\/","title":{"rendered":"Autostrade, Tosi (M5S) dopo l&#8217;incontro con i concessionari: &#8220;Finalmente fatta luce sugli interventi sulla nostra rete&#8221;"},"content":{"rendered":"<p><strong>Liguria.<\/strong> &#8220;Finalmente prendiamo visione del cronoprogramma relativo agli interventi previsti per le tratte regionali, dati che invece Regione Liguria non aveva condiviso non avendo redatto i relativi verbali&#8221;.<\/p>\n<p>Questo il commento del capogruppo regionale del Movimento 5 Stelle, Fabio Tosi, in seguito alla IV Commissione di oggi, nella quale sono stati auditi i concessionari autostradali \u201cper fare luce sulla situazione dei cantieri della rete ligure<\/p>\n<p>&#8220;Purtroppo \u2013 sottolinea Tosi &#8211; poich\u00e9 in passato si \u00e8 perso del tempo, la situazione \u00e8 tutt&#8217;altro che ottimale e prevediamo che continueremo a vivere sulla nostra pelle i disagi con cui gi\u00e0 facciamo i conti quotidianamente. Tuttavia, la sicurezza deve avere la priorit\u00e0 e dal 2020 \u00e8 cambiato il modello del rapporto tra concedente e concessionarie: lo Stato \u00e8 tornato a fare lo Stato. Prima i controlli erano solo sul sedime autostradale, ma non sullo stato di salute di un viadotto: ora arriva un \u2018nuovo modello di controllo\u2019\u201d.<\/p>\n<p>&#8220;La rete gestita da Aspi torner\u00e0 di propriet\u00e0 statale: che piaccia o non piaccia il passaggio a Cdp, grazie all&#8217;ex ministro Toninelli, anche i controlli per la sicurezza di ognuno di noi sono stati nettamente migliorati. Sfido chiunque a raggiungere questi due risultati con qualsiasi altra forza politica&#8221;, conclude.<\/p>\n","protected":false},"excerpt":{"rendered":"<p>&#8220;Purtroppo poich\u00e9 in passato si \u00e8 perso del tempo, la situazione \u00e8 tutt&#8217;altro che ottimale e prevediamo che continueremo a vivere sulla nostra pelle i disagi con cui gi\u00e0 facciamo i conti quotidianamente&#8221;.<\/p>\n","protected":false},"author":19447,"featured_media":0,"comment_status":"open","ping_status":"closed","sticky":false,"template":"","format":"standard","meta":{"footnotes":""},"categories":[31],"tags":[111610,108536],"class_list":["post-530864","post","type-post","status-publish","format-standard","hentry","category-politica","tag-aspi","tag-cantieri-autostrade","post_tag_personaggi-fabio-tosi"],"amp_validity":null,"amp_enabled":true,"_links":{"self":[{"href":"https:\/\/staging.ivg.it\/ediapi\/wp\/v2\/posts\/530864","targetHints":{"allow":["GET"]}}],"collection":[{"href":"https:\/\/staging.ivg.it\/ediapi\/wp\/v2\/posts"}],"about":[{"href":"https:\/\/staging.ivg.it\/ediapi\/wp\/v2\/types\/post"}],"author":[{"embeddable":true,"href":"https:\/\/staging.ivg.it\/ediapi\/wp\/v2\/users\/19447"}],"replies":[{"embeddable":true,"href":"https:\/\/staging.ivg.it\/ediapi\/wp\/v2\/comments?post=530864"}],"version-history":[{"count":0,"href":"https:\/\/staging.ivg.it\/ediapi\/wp\/v2\/posts\/530864\/revisions"}],"wp:attachment":[{"href":"https:\/\/staging.ivg.it\/ediapi\/wp\/v2\/media?parent=530864"}],"wp:term":[{"taxonomy":"category","embeddable":true,"href":"https:\/\/staging.ivg.it\/ediapi\/wp\/v2\/categories?post=530864"},{"taxonomy":"post_tag","embeddable":true,"href":"https:\/\/staging.ivg.it\/ediapi\/wp\/v2\/tags?post=530864"}],"curies":[{"name":"wp","href":"https:\/\/api.w.org\/{rel}","templated":true}]}}