{"id":530800,"date":"2021-06-12T11:40:40","date_gmt":"2021-06-12T09:40:40","guid":{"rendered":"https:\/\/www.ivg.it\/?p=530800"},"modified":"2021-06-12T17:29:04","modified_gmt":"2021-06-12T15:29:04","slug":"un-pomeriggio-in-casa-della-cairese","status":"publish","type":"post","link":"https:\/\/staging.ivg.it\/2021\/06\/un-pomeriggio-in-casa-della-cairese\/","title":{"rendered":"Un pomeriggio in casa della Cairese"},"content":{"rendered":"<p><strong>Cairo Montenotte.<\/strong> Continua il viaggio alla scoperta delle metodologie e del pensiero sportivo dei migliori vivai liguri, che ha avuto come tappa la visita al campo di allenamento dell&#8217;<strong>ASD Cairese 1919.<\/strong><\/p>\n<p>\u00c8 stato un pomeriggio umano e calcistico davvero molto interessante, una esperienza di quelle che non si dimenticano, dove abbiamo <strong>toccato con mano un lavoro dirigenziale e tecnico<\/strong>\u00a0di alto livello.<\/p>\n<p><strong>Quanto \u00e8 importante la formazione? &#8220;\u00c8 fondamentale&#8221;, hanno risposto all&#8217;unisono in casa Cairese <\/strong>ed il tutto &#8220;Deve avvenire attraverso un processo di apprendimento e crescita singola e di gruppo in campo e fuori dal rettangolo di gioco&#8221;.<\/p>\n<p>Squisito padrone di casa \u00e8 stato <strong>Franz Laoretti<\/strong>, il <strong>direttore generale della societ\u00e0<\/strong>.<\/p>\n<p><strong><a href=\"https:\/\/www.ivg.it\/video\/un-pomeriggio-in-casa-cairese-franz-laoretti\/\">Clicca qui per vedere l&#8217;intervista a Franz Laoretti.<\/a><\/strong><\/p>\n<p>&#8220;La societ\u00e0 <strong>Cairese<\/strong> \u00e8 anomala in tutto e per tutto &#8211; afferma il direttore &#8211; soprattutto perch\u00e9 a livello dilettantistico siamo conosciuti non solo per le buone prove che la Cairese sta dando negli ultimi anni, sempre ai vertici in qualsiasi \u00a0campionato giochi, ma anche per i risultati a livello giovanile, con<strong> i nostri ragazzi che sono continuamente chiamati dalle societ\u00e0 professionistiche, convocati nelle rappresentative nazionali&#8221;.<\/strong><\/p>\n<p>Siamo conosciuti da pi\u00f9 di trent&#8217;anni per le <strong>organizzazioni dei tornei <\/strong>&#8211; continua <strong>Laoretti<\/strong> &#8211; nella prossima stagione <strong>passeremo ad allestire ben<\/strong> <strong>sei tornei internazionali.<\/strong> La nostra societ\u00e0 \u00e8 una vera e propria azienda, lavoriamo molto nel sociale, abbiamo una squadra composta da ragazzi con difficolt\u00e0 psichiche&#8221;. \u00a0<strong>Cristian Kosiqi<\/strong> (ndr, classe <strong>2005,<\/strong> unico giocatore ligure convocato) \u00e8 stato chiamato con la rappresentativa <strong>nazionale dilettanti Under 16,<\/strong> \u00e8 appena tornato da <strong>Roma<\/strong> per il primo raduno, in previsione del<strong> Torneo delle Regioni,<\/strong> che si disputer\u00e0 in <strong>Trentino<\/strong> la prossima settimana&#8221;.<\/p>\n<p>&#8220;Negli ultimi anni abbiamo <strong>portato tre ragazzi in Nazionale<\/strong> &#8211; dichiara, con orgoglio, <strong>Laoretti,<\/strong> mentre gli altri erano <strong>Fabio Moretti<\/strong> ed il 2001 <strong>Brignone.<\/strong> <strong>Sergio Soldano \u00e8 una figura fondamentale per il nostro settore giovanile<\/strong> ed \u00e8 accompagnato da tecnici di alto livello, abbiamo<strong> 21 tecnici \u00a0tesserati<\/strong>, che seguono tutte le squadre giovanili&#8221;.<\/p>\n<p>&#8220;Per quanto riguarda la prima squadra, siamo contenti del risultato straordinario fin qui ottenuto &#8211; continua <strong>Laoretti<\/strong> &#8211; <strong>Finale<\/strong> e <strong>Cairese<\/strong> sono due realt\u00e0 che possono fare la Serie D, sono <strong>due societ\u00e0 storiche con dietro cittadine importanti<\/strong>. Come <strong>Cairese<\/strong> siamo fuori, da un po&#8217; di anni, dalla <strong>Serie D<\/strong>, ma abbiamo tanta voglia di <strong>dimostrare che la Cairese pi\u00f2 stare nella categoria superiore.<\/strong> Abbiamo fatto una programmazione partita sei anni fa e siamo particolarmente vicini all&#8217;obiettivo e e non dovessimo riuscirci quest&#8217;anno , ci riproveremo il prossimo anno&#8221;.<\/p>\n<p>La nostra visita esclusiva si \u00e8 poi spostata sul campo dove <strong>Sergio Soldano,<\/strong> responsabile tecnico del settore giovanile della <strong>Cairese,<\/strong> era alle prese con alcuni piccolissimi atleti, ai quali <strong>ha iniziato, con la consueta maestria, ad insegnare l&#8217;abc del gioco del calcio.<\/strong><\/p>\n<p><strong><a href=\"https:\/\/www.ivg.it\/video\/un-pomeriggio-in-casa-cairese-sergio-soldano\/\">Clicca qui per vedere l&#8217;intervista a Sergio Soldano.<\/a><\/strong><\/p>\n<p>Lo stesso <strong>tecnico italo argentino<\/strong>, ad una precisa domanda, ha detto la sua sull&#8217;<strong>importanza dello spazio e del tempo nel gioco.<\/strong><\/p>\n<p><strong>&#8220;L&#8217;Olanda<\/strong> <strong>ha contaminato la sua maniera di lavorare nel calcio<\/strong> &#8211; attacca Il tecnico italo argentino &#8211; guadagnando spazio all&#8217;acqua&#8230; e tutto quello che \u00e8 nel calcio lo hanno dovuto interpretare alla stessa maniera, cercando di <strong>guadagnare spazio e tempo<\/strong>. Se qualcuno osserva come \u00e8 fatta <strong>Barcellona<\/strong> dall&#8217;alto, vede tanti quadrati ed allora andiamo a vedere come sono usciti i <strong>rondos<\/strong> (ndr, <strong>esercitazioni tecnico tattiche finalizzate al possesso palla, incentrate su gesti del passaggio, preciso e veloce e della ricezione orientata<\/strong>). \u00a0<strong>Il principio di Cruyff comanda ancora, perch\u00e9 fondamentali nel calcio sono lo spazio dei tempo&#8221;. <\/strong><\/p>\n","protected":false},"excerpt":{"rendered":"<p>Le parole di Franz Laoretti, direttore generale della societ\u00e0 valbormidese, le immagini ed il pensiero &#8220;dal vivo&#8221; di Sergio Soldano <\/p>\n","protected":false},"author":11482,"featured_media":0,"comment_status":"open","ping_status":"closed","sticky":false,"template":"","format":"standard","meta":{"footnotes":""},"categories":[45296,182,32],"tags":[92941],"class_list":["post-530800","post","type-post","status-publish","format-standard","hentry","category-copertina","category-calcio","category-sport","tag-asd-cairese-1919","post_cat_citta-cairo-montenotte"],"amp_validity":null,"amp_enabled":true,"_links":{"self":[{"href":"https:\/\/staging.ivg.it\/ediapi\/wp\/v2\/posts\/530800","targetHints":{"allow":["GET"]}}],"collection":[{"href":"https:\/\/staging.ivg.it\/ediapi\/wp\/v2\/posts"}],"about":[{"href":"https:\/\/staging.ivg.it\/ediapi\/wp\/v2\/types\/post"}],"author":[{"embeddable":true,"href":"https:\/\/staging.ivg.it\/ediapi\/wp\/v2\/users\/11482"}],"replies":[{"embeddable":true,"href":"https:\/\/staging.ivg.it\/ediapi\/wp\/v2\/comments?post=530800"}],"version-history":[{"count":0,"href":"https:\/\/staging.ivg.it\/ediapi\/wp\/v2\/posts\/530800\/revisions"}],"wp:attachment":[{"href":"https:\/\/staging.ivg.it\/ediapi\/wp\/v2\/media?parent=530800"}],"wp:term":[{"taxonomy":"category","embeddable":true,"href":"https:\/\/staging.ivg.it\/ediapi\/wp\/v2\/categories?post=530800"},{"taxonomy":"post_tag","embeddable":true,"href":"https:\/\/staging.ivg.it\/ediapi\/wp\/v2\/tags?post=530800"}],"curies":[{"name":"wp","href":"https:\/\/api.w.org\/{rel}","templated":true}]}}