{"id":530727,"date":"2021-06-09T15:59:57","date_gmt":"2021-06-09T13:59:57","guid":{"rendered":"https:\/\/www.ivg.it\/?p=530727"},"modified":"2021-06-09T15:59:57","modified_gmt":"2021-06-09T13:59:57","slug":"next-generation-eu-natale-pd-sinergia-tra-giunta-e-consiglio-per-costruire-la-liguria-del-futuro","status":"publish","type":"post","link":"https:\/\/staging.ivg.it\/2021\/06\/next-generation-eu-natale-pd-sinergia-tra-giunta-e-consiglio-per-costruire-la-liguria-del-futuro\/","title":{"rendered":"Next Generation Eu, Natale (Pd): &#8220;Sinergia tra giunta e consiglio per costruire la Liguria del futuro&#8221;"},"content":{"rendered":"<p><strong>Liguria<\/strong>. &#8220;Lavoro, ambiente e mobilit\u00e0 sostenibile, sanit\u00e0 e nuove tecnologie sono i punti strategici da cui partire. Siamo pronti a dare il nostro contributo nell&#8217;interesse generale&#8221;. A dirlo \u00e8 il presidente della Commissione Next Generation UE presieduta da Davide Natale.<\/p>\n<p>&#8220;Disponibilit\u00e0 al confronto, collaborazione stretta con la struttura tecnica e inserimento dell&#8217;ufficio di Presidenza della Commissione all&#8217;interno della cabina di regia allargata, \u00e8 quanto \u00e8 emerso alla conclusione della discussione avvenuta in Commissione&#8221;.<\/p>\n<p>&#8220;Il metodo di lavoro assunto dalla Commissione &#8211; dichiara il presidente Natale &#8211; si sposa perfettamente con quanto impostato dalla Giunta. Il Presidente Toti oggi ci ha evidenziato quali sono le missioni su cui si concentrer\u00e0 l&#8217;attivit\u00e0 diretta della Regione: sanit\u00e0, trasporti e lavoro. Come abbiamo avuto modo di dire anche durante la discussione odierna, la volont\u00e0 della Commissione \u00e8 quella di approfondire le linee di intervento possibili e i progetti in elaborazione in attesa della definizione delle specifiche di attuazione&#8221;.<\/p>\n<p>&#8220;Essere pronti per centrare pi\u00f9 obiettivi possibili. Le prime due audizioni, la prima con il Ministro Orlando e quella di oggi con il Presidente Toti &#8211; conclude Natale -, fanno emergere la volont\u00e0 comune di creare le condizioni per costruire progettualit\u00e0 che sappiano guardare al futuro&#8221;.<\/p>\n","protected":false},"excerpt":{"rendered":"<p>Oggi l&#8217;audizione in Commissione Next Generation Eu del presidente Toti<\/p>\n","protected":false},"author":20734,"featured_media":0,"comment_status":"open","ping_status":"closed","sticky":false,"template":"","format":"standard","meta":{"footnotes":""},"categories":[56],"tags":[],"class_list":["post-530727","post","type-post","status-publish","format-standard","hentry","category-altre","post_tag_personaggi-davide-natale"],"amp_validity":null,"amp_enabled":true,"_links":{"self":[{"href":"https:\/\/staging.ivg.it\/ediapi\/wp\/v2\/posts\/530727","targetHints":{"allow":["GET"]}}],"collection":[{"href":"https:\/\/staging.ivg.it\/ediapi\/wp\/v2\/posts"}],"about":[{"href":"https:\/\/staging.ivg.it\/ediapi\/wp\/v2\/types\/post"}],"author":[{"embeddable":true,"href":"https:\/\/staging.ivg.it\/ediapi\/wp\/v2\/users\/20734"}],"replies":[{"embeddable":true,"href":"https:\/\/staging.ivg.it\/ediapi\/wp\/v2\/comments?post=530727"}],"version-history":[{"count":0,"href":"https:\/\/staging.ivg.it\/ediapi\/wp\/v2\/posts\/530727\/revisions"}],"wp:attachment":[{"href":"https:\/\/staging.ivg.it\/ediapi\/wp\/v2\/media?parent=530727"}],"wp:term":[{"taxonomy":"category","embeddable":true,"href":"https:\/\/staging.ivg.it\/ediapi\/wp\/v2\/categories?post=530727"},{"taxonomy":"post_tag","embeddable":true,"href":"https:\/\/staging.ivg.it\/ediapi\/wp\/v2\/tags?post=530727"}],"curies":[{"name":"wp","href":"https:\/\/api.w.org\/{rel}","templated":true}]}}