{"id":530675,"date":"2021-06-09T10:57:27","date_gmt":"2021-06-09T08:57:27","guid":{"rendered":"http:\/\/www.ivg.it\/?p=530675"},"modified":"2021-06-09T15:50:03","modified_gmt":"2021-06-09T13:50:03","slug":"ultimo-giorno-di-scuola-ma-si-guarda-alla-ripartenza-obiettivo-al-100-con-meno-classi-pollaio-resta-lincognita-trasporti","status":"publish","type":"post","link":"https:\/\/staging.ivg.it\/2021\/06\/ultimo-giorno-di-scuola-ma-si-guarda-alla-ripartenza-obiettivo-al-100-con-meno-classi-pollaio-resta-lincognita-trasporti\/","title":{"rendered":"Ultimo giorno di scuola ma si guarda alla ripartenza: meno &#8220;classi pollaio&#8221;, rebus trasporti"},"content":{"rendered":"<p><strong>Liguria<\/strong>. Oggi per molti ragazzi \u00e8 l&#8217;ultimo giorno di scuola, ma il pensiero di tanti altri giovani \u00e8 rivolto all&#8217;esame di maturit\u00e0 che si svolger\u00e0 a breve. In questo panorama intanto arriva gi\u00e0 una buona notizia sulla ripartenza a settembre: a\u00a0fronte di un <strong>calo previsto di oltre 2mila studenti<\/strong> (su un totale di 170mila) i <strong>livelli di organico rimarranno pressoch\u00e9 invariati<\/strong> rispetto all&#8217;anno appena concluso, e anzi subiranno un piccolo incremento.<\/p>\n<p>&#8220;Per ora possiamo dire quello che abbiamo spuntato in commissione istruzione della Conferenza delle Regioni &#8211; spiega l&#8217;assessora alla Formazione <strong>Ilaria Cavo<\/strong> a margine di un incontro con alcuni studenti del liceo scientifico Leonardo Da Vinci a Genova -. Il riparto dell&#8217;organico per il prossimo anno \u00e8 positivo. Di fronte a un calo demografico nazionale e ligure, il livello di organico sar\u00e0 uguale a quello dello scorso anno, quind<strong>i non c&#8217;\u00e8 stato un taglio.<\/strong> Credo che questo sia importante&#8221;.<\/p>\n<p>Nello specifico saranno confermate le <strong>13.775 unit\u00e0 di ruolo<\/strong>, i docenti di <strong>sostegno<\/strong> passeranno da 2.248 a <strong>2.384<\/strong> e quelli di <strong>potenziamento<\/strong> da 1.328 a <strong>1.305<\/strong>. Una boccata d&#8217;aria che dovrebbe contribuire ad abbassare il rapporto alunni-insegnanti e quindi consentire la formazione di<strong> classi meno affollate<\/strong>. &#8220;Ma bisogner\u00e0 capire come<strong> finir\u00e0 la partita sull&#8217;organico Covid<\/strong> &#8211; avverte Cavo. Mi auguro che ci sia la possibilit\u00e0 che il ministero dell&#8217;Istruzione mantenga le garanzie che ha dato&#8221;.<\/p>\n<p>Dal punto di vista degli <strong>spazi<\/strong>, nel caso in cui restassero in vigore le norme sul <strong>distanziamento<\/strong>, non dovrebbero esserci particolari stravolgimenti, visti i lavori eseguiti l&#8217;anno scorso: &#8220;Quello che rimarr\u00e0 sicuramente sono gli interventi di edilizia leggera fatti come rimarr\u00e0 l&#8217;allenamento di un sistema di tavoli. Noi ci saremo velocemente per fare in modo che la scuola possa ripartire, e chiaramente stiamo immaginando una scuola in presenza&#8221;, chiarisce l&#8217;assessora.<\/p>\n<p>Anche il direttore dell&#8217;Ufficio scolastico regionale <strong>Ettore<\/strong> <strong>Acerra<\/strong> parla di &#8220;spazi di ottimismo, ma alcuni elementi devono ancora essere definiti. Stiamo cercando di anticipare di circa un mese le operazioni per l&#8217;immissione in ruolo e l&#8217;individuazione dei supplenti annuali. Questo \u00e8 stato un anno complesso ma anche interessante, Speriamo in una scuola rinnovata, attiva, partecipata da parte degli studenti&#8221;.<\/p>\n<p>E tra i punti che ancora sono un&#8217;incognita c&#8217;\u00e8 il <strong>piano dei trasporti<\/strong>. Tutto dipender\u00e0 dalle regole sulla capienza massima a bordo dei mezzi pubblici, attualmente fissata sempre al 50%. La speranza di Acerra \u00e8 che vengano confermate in ogni caso le <strong>navette per gli studenti<\/strong>, ma per farlo serviranno nuovi fondi da parte del ministero: per questo anno scolastico alla Liguria erano stati destinati <strong>12 milioni<\/strong> a partire da gennaio, perci\u00f2 ne serviranno almeno altrettanti per mantenere attivi i servizi aggiuntivi.<\/p>\n<p>Intanto anche quest&#8217;anno<strong> la maturit\u00e0 avverr\u00e0 con modalit\u00e0 condizionate dalle norme anti-contagio<\/strong>. Niente prove scritte, tutto si baser\u00e0 su un elaborato realizzato dallo studente e incentrato sulle discipline caratterizzanti che dar\u00e0 il via a un <strong>colloquio<\/strong> di circa un&#8217;ora su tutte le materie. Il <strong>punteggio finale<\/strong> \u00e8 il risultato della somma dei punti attribuiti al colloquio, per un massimo di 40 punti, e dei punti acquisiti per il credito scolastico da ciascun candidato, per un massimo di 60 punti. Inoltre, a discrezione della commissione, sono attribuibili fino a 5 punti bonus a studenti ritenuti meritevoli.<\/p>\n<p>&#8220;Il nostro messaggio agli studenti \u00e8 un<strong> ringraziamento per la capacit\u00e0 che hanno avuto di essere pazienti<\/strong> e di capire l&#8217;anno trascorso che \u00e8 stata difficile &#8211; conclude Cavo -. Mi auguro che rimanga loro qualche insegnamento dalla difficolt\u00e0 che hanno avuto. Hanno diritto di godersi un po&#8217; della spensieratezza che quest&#8217;estate potr\u00e0 regalare, ricordando per\u00f2 che le regole ci sono, non \u00e8 un <em>liberi tutti<\/em>, devono mantenere un po&#8217; di coscienza e responsabilit\u00e0. Ma penso siano all&#8217;altezza di quello che stiamo chiedendo loro&#8221;.<\/p>\n<p>E <strong>ai ringraziamenti si associa anche il presidente della Regione Giovanni Toti:<\/strong> &#8220;\u00c8 suonata l&#8217;ultima campanella di questo lungo anno scolastico per gli studenti liguri. Un anno in cui anche il mondo della scuola \u00e8 stato messo a dura prova: le lezioni a distanza, la mancanza di tutti quei piccoli grandi gesti di normalit\u00e0 e socialit\u00e0 con i compagni. Eppure, se c&#8217;\u00e8 una cosa che in questi mesi mi ha sorpreso, \u00e8 vedere i sorrisi e la carica che proprio i bambini hanno saputo regalarci. \u00c8 per voi che lavoriamo ogni giorno, per restituirvi un po&#8217; della speranza che avete dato alle vostre famiglie e a tutti noi, quando pi\u00f9 ne avevamo bisogno. Grazie ragazzi: festeggiate questa fine, noi ci impegneremo per regalarvi un inizio diverso a settembre, semplicemente normale&#8221;.<\/p>\n","protected":false},"excerpt":{"rendered":"<p>Assessore Cavo: &#8220;A fronte di un calo di studenti non ci saranno tagli sull&#8217;organico&#8221;<\/p>\n","protected":false},"author":20028,"featured_media":0,"comment_status":"open","ping_status":"closed","sticky":false,"template":"","format":"standard","meta":{"footnotes":""},"categories":[45296,34],"tags":[113785,689],"class_list":["post-530675","post","type-post","status-publish","format-standard","hentry","category-copertina","category-cronaca","tag-covid","tag-scuole"],"amp_validity":null,"amp_enabled":true,"_links":{"self":[{"href":"https:\/\/staging.ivg.it\/ediapi\/wp\/v2\/posts\/530675","targetHints":{"allow":["GET"]}}],"collection":[{"href":"https:\/\/staging.ivg.it\/ediapi\/wp\/v2\/posts"}],"about":[{"href":"https:\/\/staging.ivg.it\/ediapi\/wp\/v2\/types\/post"}],"author":[{"embeddable":true,"href":"https:\/\/staging.ivg.it\/ediapi\/wp\/v2\/users\/20028"}],"replies":[{"embeddable":true,"href":"https:\/\/staging.ivg.it\/ediapi\/wp\/v2\/comments?post=530675"}],"version-history":[{"count":0,"href":"https:\/\/staging.ivg.it\/ediapi\/wp\/v2\/posts\/530675\/revisions"}],"wp:attachment":[{"href":"https:\/\/staging.ivg.it\/ediapi\/wp\/v2\/media?parent=530675"}],"wp:term":[{"taxonomy":"category","embeddable":true,"href":"https:\/\/staging.ivg.it\/ediapi\/wp\/v2\/categories?post=530675"},{"taxonomy":"post_tag","embeddable":true,"href":"https:\/\/staging.ivg.it\/ediapi\/wp\/v2\/tags?post=530675"}],"curies":[{"name":"wp","href":"https:\/\/api.w.org\/{rel}","templated":true}]}}