{"id":530581,"date":"2021-06-08T15:17:10","date_gmt":"2021-06-08T13:17:10","guid":{"rendered":"http:\/\/www.ivg.it\/?p=530581"},"modified":"2021-06-08T15:17:10","modified_gmt":"2021-06-08T13:17:10","slug":"covid-la-previsione-di-toti-in-liguria-immunita-di-gregge-a-cavallo-di-agosto-e-settembre","status":"publish","type":"post","link":"https:\/\/staging.ivg.it\/2021\/06\/covid-la-previsione-di-toti-in-liguria-immunita-di-gregge-a-cavallo-di-agosto-e-settembre\/","title":{"rendered":"Covid, la previsione di Toti: &#8220;In Liguria immunit\u00e0 di gregge a cavallo di agosto e settembre&#8221;"},"content":{"rendered":"<p><strong>Liguria<\/strong>. Dovrebbe arrivare &#8220;<strong>a cavallo tra agosto e i primi di settembre<\/strong>&#8221; l&#8217;<strong>immunit\u00e0 di gregge<\/strong> in Liguria. E&#8217; la nuova previsione del presidente ligure <strong>Giovanni Toti <\/strong>mentre ieri il commissario Francesco Paolo Figliuolo ha indicato fine settembre come scadenza per raggiungere l&#8217;obiettivo dell&#8217;80% di vaccinati. &#8220;Vedremo le dosi, ma non credo che faccia una grande differenza&#8221;, ha aggiunto il governatore.<\/p>\n<p>&#8220;<strong>Dipende molto da quanto arriver\u00e0 realmente in termini di vaccini nei mesi di giugno, luglio e agosto<\/strong> &#8211; osserva Toti -. Noi oggi abbiamo una programmazione reale della struttura commissariale fino all&#8217;ultima settimana di giugno che prevede circa<strong> 78-80mila vaccini,<\/strong> quindi<strong> non abbiamo ancora visto quell&#8217;aumento a 20 milioni di dosi a giugno e 25 a luglio<\/strong>. Ma siccome il generale Figliuolo \u00e8 persona seria sono certo che appena avr\u00e0 le date di consegna ce le comunicher\u00e0. In ogni caso in Liguria entro le prossime settimane tutte le categorie a rischio sono state e saranno protette nelle ultime unit\u00e0&#8221;.<\/p>\n<p>Intanto <a href=\"https:\/\/www.ivg.it\/2021\/06\/vaccino-covid-in-unora-8-500-giovani-liguri-tra-i-12-e-i-18-anni-hanno-prenotato-la-loro-dose\/\">ieri sono partite le prenotazioni per 12-18enni<\/a> in Liguria e gioved\u00ec verr\u00e0 firmata l&#8217;intesa tra Regione e pediatri di libera scelta per coinvolgerli nelle vaccinazioni dei minorenni. Dalla serata del 10 giugno di fatto tutti i cittadini vaccinabili (dai 12 anni in su) potranno prenotare la propria dose di vaccino: Pfizer o Moderna sotto i 60 anni, AstraZeneca e Johnson &amp; Johnson per i pi\u00f9 anziani (ma anche per gli under 60 su base volontaria).<\/p>\n<p>Per raggiungere l&#8217;<strong>obiettivo di fine settembre<\/strong>, sottolinea per\u00f2 il commissario Figliuolo, \u00e8 necessario proseguire sulla strada intrapresa: collaborazione con le Regioni, il cui coinvolgimento \u00e8 di &#8220;vitale importanza&#8221;, procedure &#8220;flessibili&#8221; per le prenotazioni ad agosto, mantenere target di almeno 500mila punture al giorno, continuare a &#8220;privilegiare&#8221; le somministrazioni agli over 60 e ai fragili.<\/p>\n<p>Ma dopo l&#8217;estate dovr\u00e0 cambiare la strategia La &#8220;poderosa e complessa&#8221; macchina della struttura commissariale che sta gestendo la vaccinazione di massa \u00e8 stata ed \u00e8 uno strumento &#8220;efficace e straordinario&#8221;, dice Figliuolo. Ma<strong> questa macchina &#8220;nei prossimi mesi deve condurre gradualmente&#8221;, a una gestione ordinaria delle attivit\u00e0 sanitarie<\/strong> da parte delle amministrazioni centrali e locali competenti.<\/p>\n<p>Uno dei primi sintomi di questo cambio di passo, in realt\u00e0 gi\u00e0 previsto, sar\u00e0 la <strong>chiusura del grande\u00a0<em>hub\u00a0<\/em>della Fier<\/strong>a a partire dai primi di agosto per fare spazio all&#8217;allestimento del Salone Nautico. <strong>Asl 3 ha gi\u00e0 avviato una manifestazione di interesse<\/strong> per trovare uno spazio alternativo che funger\u00e0 da centro di vaccinazione permanente anche nei prossimi mesi.<\/p>\n","protected":false},"excerpt":{"rendered":"<p>Il governatore: &#8220;Ma dipender\u00e0 dall&#8217;arrivo dei vaccini, non abbiamo ancora visto aumenti di dosi&#8221;<\/p>\n","protected":false},"author":20028,"featured_media":0,"comment_status":"open","ping_status":"closed","sticky":false,"template":"","format":"standard","meta":{"footnotes":""},"categories":[45296,34],"tags":[111891,116179],"class_list":["post-530581","post","type-post","status-publish","format-standard","hentry","category-copertina","category-cronaca","tag-coronavirus","tag-vaccino-covid","post_tag_personaggi-giovanni-toti"],"amp_validity":null,"amp_enabled":true,"_links":{"self":[{"href":"https:\/\/staging.ivg.it\/ediapi\/wp\/v2\/posts\/530581","targetHints":{"allow":["GET"]}}],"collection":[{"href":"https:\/\/staging.ivg.it\/ediapi\/wp\/v2\/posts"}],"about":[{"href":"https:\/\/staging.ivg.it\/ediapi\/wp\/v2\/types\/post"}],"author":[{"embeddable":true,"href":"https:\/\/staging.ivg.it\/ediapi\/wp\/v2\/users\/20028"}],"replies":[{"embeddable":true,"href":"https:\/\/staging.ivg.it\/ediapi\/wp\/v2\/comments?post=530581"}],"version-history":[{"count":0,"href":"https:\/\/staging.ivg.it\/ediapi\/wp\/v2\/posts\/530581\/revisions"}],"wp:attachment":[{"href":"https:\/\/staging.ivg.it\/ediapi\/wp\/v2\/media?parent=530581"}],"wp:term":[{"taxonomy":"category","embeddable":true,"href":"https:\/\/staging.ivg.it\/ediapi\/wp\/v2\/categories?post=530581"},{"taxonomy":"post_tag","embeddable":true,"href":"https:\/\/staging.ivg.it\/ediapi\/wp\/v2\/tags?post=530581"}],"curies":[{"name":"wp","href":"https:\/\/api.w.org\/{rel}","templated":true}]}}