{"id":529970,"date":"2021-06-03T14:05:53","date_gmt":"2021-06-03T12:05:53","guid":{"rendered":"https:\/\/www.ivg.it\/?p=529970"},"modified":"2021-06-03T14:05:53","modified_gmt":"2021-06-03T12:05:53","slug":"nuovo-santa-corona-consigliere-giovanni-liscio-risponde-a-carrara-parlo-quotidianamente-con-personale-sanitario-lei-fa-lo-stesso","status":"publish","type":"post","link":"https:\/\/staging.ivg.it\/2021\/06\/nuovo-santa-corona-consigliere-giovanni-liscio-risponde-a-carrara-parlo-quotidianamente-con-personale-sanitario-lei-fa-lo-stesso\/","title":{"rendered":"Nuovo Santa Corona, consigliere Giovanni Liscio risponde a Carrara: &#8220;Parlo quotidianamente con personale sanitario lei fa lo stesso?&#8221;"},"content":{"rendered":"<p><strong>Pietra Ligure<\/strong>. \u201cAvrei voluto non rispondere al consigliere Carrara che, ancora una volta, fa solo della propaganda sterile e inutile, dimostrando quanto poco conosca le dinamiche sanitarie e quali siano i veri problemi del nostro ospedale in questa fase storica\u201d.<\/p>\n<p>Queste sono le parole con cui il consigliere delegato alla sanit\u00e0 Giovanni Liscio, risponde al consigliere Mario Carrara riguardo un <a href=\"https:\/\/www.ivg.it\/2021\/06\/restyling-santa-corona-la-proposta-di-mario-carrara-istituire-un-consiglio-intercomunale\/\">restyling dell&#8217;ospedale Santa Corona<\/a>. \u201cIn sede di discussione in consiglio comunale, credo di non aver fatto nessuno sproloquio rispondendo su un argomento di cui, in quel preciso momento non avevo informazioni tali da poter rispondere in maniera diversa. Oggi come un mese fa, n\u00e9 io, n\u00e9 tantomeno il sindaco e tutta l&#8217;amministrazione comunale siamo a conoscenza di un progetto reale o presunto. Penso, altres\u00ec, che gli annunci fatti dal presidente Toti non abbiano ancora un seguito in termini di progettazione e di programmazione e che nessuno, al momento, conosca l&#8217;esistenza e l&#8217;entit\u00e0 di un progetto fermo nelle sue intenzioni. E questo anche a distanza di molte settimane&#8221;.<\/p>\n<p>&#8220;Ci sarebbero altri esempi nella nostra regione di ingenti stanziamenti per nuove strutture ospedaliere che in questi sei anni non hanno ancora visto la luce. L&#8217;ospedale di Taggia ad esempio, i cui fondi Inail sono gi\u00e0 stati stanziati da qualche anno. Il Felettino di La Spezia, il cui status di pubblico o privato non \u00e8 ancora stato reso esplicito (quando questo sar\u00e0 ultimato)\u201d, continua Liscio.<\/p>\n<p>\u201cCaro consigliere Carrara, io non parlo a vanvera e non faccio sproloqui, rispondo per la mia competenza e per le mie capacit\u00e0 seppur lei, dall&#8217;alto della sua presunzione, le ritenga molto modeste (migliorer\u00f2 oppure me ne far\u00f2 una ragione). Lo faccio spesso a titolo personale, confrontandomi certamente con i miei colleghi e sappia che non sono al servizio di nessuno se non della cittadinanza &#8211; riprende -. Lei caro Carrara non perde occasione per sferrare attacchi al sindaco in maniera pi\u00f9 o meno esplicita palesando la frustrazione tipica di un pugile suonato, usando spesso toni offensivi e sprezzanti verso chi, evidentemente, per lei \u00e8 un nemico piuttosto che un avversario politico&#8221;.<\/p>\n<p>&#8220;Io nel frattempo continuer\u00f2 ad occuparmi dei problemi reali dell&#8217;ospedale Santa Corona, della carenza dei professionisti di cui, col sindaco stesso, stiamo denunciando la mancata copertura degli organici, dei servizi e delle cure non erogate (abbiamo svolto un&#8217;azione importante nella riapertura del CUPA), chiediamo sovente spiegazioni alla direzione dell\u2019Asl2 sui rischi che certi comparti corrono per le cause che le ho appena citato. Su tutti &#8216;Trauma Center&#8217; e DEA di II livello, ma anche Ostetricia e Pediatria e la grave mancanza di anestesisti denunciata pi\u00f9 volte. Onestamente, ci preoccupiamo pi\u00f9 delle eventuali e rischiose chiusure che delle &#8216;promettenti nuove aperture&#8217;. Questo \u00e8!\u201d, prosegue il consigliere.<\/p>\n<p>\u201cParlo quotidianamente con tutto il personale sanitario e non solo, cercando di raccogliere informazioni utili alla risoluzione dei problemi. Lei, caro consigliere Carrara, pu\u00f2 dire altrettanto? Lo dico perch\u00e9, a parte la sfortuna di essere stato battuto sul tempo dalla consigliera Rozzi per pochissimi centesimi (chiss\u00e0 che meraviglia di interrogazione ci avrebbe portato altrimenti), non ricordo un suo grande contributo sul tema sanit\u00e0 in questi oltre due anni in cui personalmente me ne occupo&#8221;.<\/p>\n<p>&#8220;Mi pare invece che, quando la consigliera Rozzi, alla quale, al contrario che a lei, riconosco un grande impegno, ha presentato mozioni condivisibili, le abbiamo sempre votate favorevolmente. Lei, invece, proprio in questi giorni, ha fatto di peggio, cercando di fomentare la protesta dei comitati civici a difesa del punto nascite attraverso le reti social (che lei stesso ha sempre deprecato come metodo di azione) in occasione dell&#8217;inaugurazione della nuove passeggiata di ponente &#8211; aggiunge Liscio -. Ha chiesto loro di esporsi pi\u00f9 di quello che gi\u00e0 fanno usando lo strumento del ricatto elettorale. Una cosa squallida che, per fortuna, non ha trovato la risposta che lei cercava. Anzi! Spinge altri ad azioni clamorose e coraggiose perch\u00e9 \u00e8 proprio di quel coraggio a manifestare in prima persona di cui lei \u00e8 privo&#8221;.<\/p>\n<p>&#8220;E&#8217; molto bravo lei a rivendicare in consiglio comunale le azioni del centrodestra regionale quando queste le tornano utili durante le sue plateali offensive, ma \u00e8 altrettanto scaltro e abile a defilarsi quando la sua parte politica le crea qualche imbarazzo. Come nel caso della gestione della sanit\u00e0 ligure\u201d, conclude Giovanni Liscio.<\/p>\n","protected":false},"excerpt":{"rendered":"<p>&#8220;Ci sarebbero altri esempi nella nostra regione di ingenti stanziamenti per nuove strutture ospedaliere che in questi sei anni non hanno ancora visto la luce&#8221;<\/p>\n","protected":false},"author":18838,"featured_media":0,"comment_status":"open","ping_status":"closed","sticky":false,"template":"","format":"standard","meta":{"footnotes":""},"categories":[31],"tags":[65286],"class_list":["post-529970","post","type-post","status-publish","format-standard","hentry","category-politica","tag-santa-corona-pietra-ligure","post_cat_citta-pietra-ligure"],"amp_validity":null,"amp_enabled":true,"_links":{"self":[{"href":"https:\/\/staging.ivg.it\/ediapi\/wp\/v2\/posts\/529970","targetHints":{"allow":["GET"]}}],"collection":[{"href":"https:\/\/staging.ivg.it\/ediapi\/wp\/v2\/posts"}],"about":[{"href":"https:\/\/staging.ivg.it\/ediapi\/wp\/v2\/types\/post"}],"author":[{"embeddable":true,"href":"https:\/\/staging.ivg.it\/ediapi\/wp\/v2\/users\/18838"}],"replies":[{"embeddable":true,"href":"https:\/\/staging.ivg.it\/ediapi\/wp\/v2\/comments?post=529970"}],"version-history":[{"count":0,"href":"https:\/\/staging.ivg.it\/ediapi\/wp\/v2\/posts\/529970\/revisions"}],"wp:attachment":[{"href":"https:\/\/staging.ivg.it\/ediapi\/wp\/v2\/media?parent=529970"}],"wp:term":[{"taxonomy":"category","embeddable":true,"href":"https:\/\/staging.ivg.it\/ediapi\/wp\/v2\/categories?post=529970"},{"taxonomy":"post_tag","embeddable":true,"href":"https:\/\/staging.ivg.it\/ediapi\/wp\/v2\/tags?post=529970"}],"curies":[{"name":"wp","href":"https:\/\/api.w.org\/{rel}","templated":true}]}}