{"id":52990,"date":"2009-03-14T14:44:55","date_gmt":"2009-03-14T13:44:55","guid":{"rendered":"http:\/\/www.ivg.it\/2009\/03\/14\/expo-savona-al-via-la-17esima-edizione\/"},"modified":"2009-03-16T09:36:43","modified_gmt":"2009-03-16T08:36:43","slug":"expo-savona-al-via-la-17esima-edizione","status":"publish","type":"post","link":"https:\/\/staging.ivg.it\/2009\/03\/expo-savona-al-via-la-17esima-edizione\/","title":{"rendered":"Expo Savona: al via la diciassettesima edizione"},"content":{"rendered":"<p><strong>[thumb:5998:l]Savona<\/strong>. Si \u00e8 alzato il sipario sull&#8217;edizione numero 17 dell&#8217;Expo Savonese. E&#8217; stato il prefetto di Savona Nicoletta Frediani, alle ore 14,30, a dare il via alla principale rassegna delle attivit\u00e0 economiche, agricole, artigianali, commerciali ed industriali della provincia savonese. Insieme al sindaco di Savona Federico Berruti, alle autorit\u00e0 civili e militari, era presente Ciccio Clemente, l&#8217;organizzatore della manifestazione. Erano inoltre presenti il segretario generale della Camera di Commercio di Savona Maurizio Scajola ed alcuni esponenti del mondo politico locale, quali i candidati alla Provincia Michele Boffa e Angelo Vaccarezza, il candidato alla Regione Sandro Biasotti.<\/p>\n<p>Da pochi minuti sono pertanto attivi gli oltre 250 stand della fiera e stanno accorrendo i primi visitatori. L&#8217;evento, organizzato dal Comune di Savona in collaborazione con &#8220;Pubblicitaria E20?, Ente Fiera Sistema e Confcommercio, con il contributo di Camera di Commercio, Banca di credito cooperativo di Pianfei e Rocca de&#8217; Baldi, Carisa e Spinnaker, ha la consueta formula strutturata su dieci giorni. Moltissime anche quest&#8217;anno le novit\u00e0. A partire dalla nascita del primo &#8220;Camper Show&#8221;, un salone di oltre mille metri quadrati interamente dedicato a questa tipologia di vacanze.<\/p>\n<p>Fin dalla sua nascita la fiera non \u00e8 mai rimasta uguale a se stessa, cercando un continuo rinnovamento. E ancora una volta \u00e8 previsto un ricco cartellone di spettacoli, anche quest&#8217;anno elaborato dallo staff dall&#8217;associazione artistica musicale ligure, guidata da Francesco Zino. Ci sar\u00e0 spazio per gli appassionati degli anni `60, per i cultori del rock dei Queen e per gli amanti dei ballabili anni `70. Tutti gli eventi saranno ad ingresso completamente gratuito per i visitatori dell&#8217;Expo e inizieranno alle ore 21.<\/p>\n<p>L&#8217;Expo \u00e8 visitabile seguendo un circuito a senso unico, che permette al pubblico di non perdere alcuna novit\u00e0, garantendo al contempo a tutti gli espositori la stessa visibilit\u00e0. Ogni giorno \u00e8 aperta al pubblico dalle 17 alle 23, mentre il sabato e la domenica l&#8217;orario dell&#8217;esposizione \u00e8 ampliato dalle 14,30 alle 23,30. La rassegna si chiuder\u00e0 luned\u00ec 23 marzo.<\/p>\n<p>&#8220;Il nostro obiettivo &#8211; spiega l&#8217;organizzatore Ciccio Clemente &#8211; non \u00e8 solo offrire uno spazio espositivo, ma creare sinergie sul territorio. In fiera facciamo in modo che aziende diverse si incontrino, collaborino e si organizzino sempre meglio&#8221;. Un settore dell&#8217;Expo \u00e8 dedicato ai vini di altissima qualit\u00e0. Per questa edizione gli organizzatori hanno infatti coinvolto, come ospiti d&#8217;onore, i rappresentanti della Cancelleria dell&#8217;Ordre Des Chevaliers Bretvins di Savona, guidata dall&#8217;Haut Chancellier Franco Bartolini. Saranno loro, attraverso i contatti d&#8217;oltralpe, a portare i vini francesi per una &#8220;sfida&#8221; con le etichette italiane. In fiera verranno infatti organizzati diversi convegni che vedranno la partecipazione di enologi di fama internazionale.<\/p>\n","protected":false},"excerpt":{"rendered":"<p>[thumb:5998:l]Savona. Si \u00e8 alzato il sipario sull&#8217;edizione numero 17 dell&#8217;Expo Savonese. E&#8217; stato il prefetto di Savona Nicoletta Frediani, alle ore 14,30, a dare il via alla principale rassegna delle attivit\u00e0 economiche, agricole, artigianali, commerciali ed industriali della provincia savonese. Insieme al sindaco di Savona Federico Berruti, alle autorit\u00e0 civili e militari, era presente Ciccio [&hellip;]<\/p>\n","protected":false},"author":13744,"featured_media":0,"comment_status":"open","ping_status":"closed","sticky":false,"template":"","format":"standard","meta":{"footnotes":""},"categories":[35],"tags":[7563,4292,7562,1062,5297,6914],"class_list":["post-52990","post","type-post","status-publish","format-standard","hentry","category-economia","tag-ciccio-clemente","tag-esposizione","tag-expo-savona","tag-federico-berruti","tag-nicoletta-frediani","tag-stand","post_cat_citta-andora","post_cat_citta-savona"],"amp_validity":null,"amp_enabled":true,"_links":{"self":[{"href":"https:\/\/staging.ivg.it\/ediapi\/wp\/v2\/posts\/52990","targetHints":{"allow":["GET"]}}],"collection":[{"href":"https:\/\/staging.ivg.it\/ediapi\/wp\/v2\/posts"}],"about":[{"href":"https:\/\/staging.ivg.it\/ediapi\/wp\/v2\/types\/post"}],"author":[{"embeddable":true,"href":"https:\/\/staging.ivg.it\/ediapi\/wp\/v2\/users\/13744"}],"replies":[{"embeddable":true,"href":"https:\/\/staging.ivg.it\/ediapi\/wp\/v2\/comments?post=52990"}],"version-history":[{"count":0,"href":"https:\/\/staging.ivg.it\/ediapi\/wp\/v2\/posts\/52990\/revisions"}],"wp:attachment":[{"href":"https:\/\/staging.ivg.it\/ediapi\/wp\/v2\/media?parent=52990"}],"wp:term":[{"taxonomy":"category","embeddable":true,"href":"https:\/\/staging.ivg.it\/ediapi\/wp\/v2\/categories?post=52990"},{"taxonomy":"post_tag","embeddable":true,"href":"https:\/\/staging.ivg.it\/ediapi\/wp\/v2\/tags?post=52990"}],"curies":[{"name":"wp","href":"https:\/\/api.w.org\/{rel}","templated":true}]}}