{"id":529555,"date":"2021-05-31T13:10:33","date_gmt":"2021-05-31T11:10:33","guid":{"rendered":"https:\/\/www.ivg.it\/?p=529555"},"modified":"2021-05-31T13:10:33","modified_gmt":"2021-05-31T11:10:33","slug":"savona-tornano-i-lunapark-estivi-ai-nastri-di-partenza-in-tutta-la-provincia","status":"publish","type":"post","link":"https:\/\/staging.ivg.it\/2021\/05\/savona-tornano-i-lunapark-estivi-ai-nastri-di-partenza-in-tutta-la-provincia\/","title":{"rendered":"Savona, tornano i lunapark estivi: ai nastri di partenza in tutta la provincia"},"content":{"rendered":"<div><b>Savona<\/b>. Dopo mesi di restrizioni, con l&#8217;arrivo della cosiddetta zona bianca in Liguria \u00e8 di nuovo tempo di svago e divertimento per bambini e ragazzi, che potranno tornare sulle giostre. Disco verde per i lunapark in tutta la provincia savonese, con l&#8217;avvio ufficiale a Carcare, da venerd\u00ec 11 giugno.<\/div>\n<p>Nel centro valbormidese le attrazioni che resteranno in piazza Caravadossi fino al 27, tornano dopo l&#8217;assenza del 2020, in concomitanza con la festivit\u00e0 patronale di San Giovanni che, per\u00f2, per il secondo anno consecutivo, non vedr\u00e0 il tradizionale spettacolo pirotecnico.<\/p>\n<p>Sabato 12 giugno, invece, aprono i battenti Serra sul Mare a <strong>Spotorno<\/strong> e a <strong>Loano<\/strong> in via Alba, dove la sosta sar\u00e0 assicurata per tutta l&#8217;estate. Stesso periodo anche per <strong>Andora<\/strong> nella zona della Marina andorese e <strong>Pietra Ligure,<\/strong> mentre a<strong> Savona<\/strong> si partir\u00e0 il 3 luglio.<\/p>\n<p>Questo per quanto riguarda i lunapark pi\u00f9 grandi, ma non mancheranno nemmeno quelli con meno attrazioni e dedicati ai pi\u00f9 piccini, tra cui <strong>Cairo Montenotte<\/strong> e <strong>Millesimo<\/strong>, tappe estive immancabili. Sono numerose, inoltre, le localit\u00e0 che accoglieranno nei prossimi mesi gonfiabili, tappeti elastici e mini giostre.<\/p>\n","protected":false},"excerpt":{"rendered":"<p>Ad aprire la stagione quello di Carcare, attivo dall&#8217;11 al 27 giugno<\/p>\n","protected":false},"author":10659,"featured_media":0,"comment_status":"open","ping_status":"closed","sticky":false,"template":"","format":"standard","meta":{"footnotes":""},"categories":[45296,56],"tags":[113785,119604],"class_list":["post-529555","post","type-post","status-publish","format-standard","hentry","category-copertina","category-altre","tag-covid","tag-lunapark"],"amp_validity":null,"amp_enabled":true,"_links":{"self":[{"href":"https:\/\/staging.ivg.it\/ediapi\/wp\/v2\/posts\/529555","targetHints":{"allow":["GET"]}}],"collection":[{"href":"https:\/\/staging.ivg.it\/ediapi\/wp\/v2\/posts"}],"about":[{"href":"https:\/\/staging.ivg.it\/ediapi\/wp\/v2\/types\/post"}],"author":[{"embeddable":true,"href":"https:\/\/staging.ivg.it\/ediapi\/wp\/v2\/users\/10659"}],"replies":[{"embeddable":true,"href":"https:\/\/staging.ivg.it\/ediapi\/wp\/v2\/comments?post=529555"}],"version-history":[{"count":0,"href":"https:\/\/staging.ivg.it\/ediapi\/wp\/v2\/posts\/529555\/revisions"}],"wp:attachment":[{"href":"https:\/\/staging.ivg.it\/ediapi\/wp\/v2\/media?parent=529555"}],"wp:term":[{"taxonomy":"category","embeddable":true,"href":"https:\/\/staging.ivg.it\/ediapi\/wp\/v2\/categories?post=529555"},{"taxonomy":"post_tag","embeddable":true,"href":"https:\/\/staging.ivg.it\/ediapi\/wp\/v2\/tags?post=529555"}],"curies":[{"name":"wp","href":"https:\/\/api.w.org\/{rel}","templated":true}]}}