{"id":528743,"date":"2021-05-25T10:52:47","date_gmt":"2021-05-25T08:52:47","guid":{"rendered":"https:\/\/www.ivg.it\/?p=528743"},"modified":"2021-05-25T11:54:00","modified_gmt":"2021-05-25T09:54:00","slug":"spotorno-zunino-meno-burocrazia-per-i-dehors-e-piu-collaborazione-del-comune","status":"publish","type":"post","link":"https:\/\/staging.ivg.it\/2021\/05\/spotorno-zunino-meno-burocrazia-per-i-dehors-e-piu-collaborazione-del-comune\/","title":{"rendered":"Spotorno, Zunino: &#8220;Meno burocrazia per i dehors e pi\u00f9 collaborazione del Comune&#8221;"},"content":{"rendered":"<p><strong>Spotorno.<\/strong> <strong>Meno burocrazia per la concessione del suolo pubblico a bar e ristoranti<\/strong>. \u00c8 questa la richiesta di <strong>Giancarlo Zunino<\/strong>, capogruppo della lista <strong>\u201cSpotorno nel Cuore\u201d<\/strong>, che dopo aver ricevuto diverse segnalazioni invita l\u2019amministrazione a venire incontro agli esercenti gi\u00e0 fortemente messi alla prova dall\u2019emergenza sanitaria ed economica.<\/p>\n<p>\u201cConsiderando che all\u2019obbligo di svolgere le loro attivit\u00e0 esclusivamente all\u2019aperto, si aggiungono anche i capricci del meteo, con inevitabili disagi in capo a chi con fatica continua a portare avanti la propria attivit\u00e0, mi aspetterei \u2013 dice Zunino &#8211; da parte dell&#8217;amministrazione comunale la <strong>massima collaborazione<\/strong> verso questi imprenditori\u201d.<\/p>\n<p>Collaborazione che secondo il capogruppo si pu\u00f2 manifestare in diversi modi, attraverso ad esempio \u201cl&#8217;eliminazione di tutta la burocrazia inutile e <strong>riservando alle attivit\u00e0 economiche ogni centimetro quadrato disponibile nel comune<\/strong>\u201d.<\/p>\n<p>Una riflessione che nasce in seguito a <strong>diverse segnalazioni<\/strong> pervenute a Zunino, secondo cui <strong>alcuni baristi e ristoratori si sono visti negare la concessione del suolo pubblico per la mancata autorizzazione da parte dei proprietari degli edifici antistanti gli spazi richiesti<\/strong>. \u201cProprietari \u2013 sottolinea \u2013 che, mi \u00e8 stato comunicato, non svolgono alcuna attivit\u00e0 economica nei loro immobili e quindi non solo non hanno alcun danno dall&#8217;utilizzo dei suoli pubblici, ma in epoca pre-covid nulla avrebbero potuto dire riguardo alle scelte effettuate dall&#8217;amministrazione\u201d.<\/p>\n<p>\u00c8 scattata cos\u00ec la richiesta del gruppo \u201cSpotorno nel Cuore\u201d, attraverso una specifica interpellanza, che invita il Comune ad \u201cutilizzare <strong>criteri pi\u00f9 liberali<\/strong>\u201d nel concedere gli ampliamenti di suolo pubblico, senza richiedere \u201calcuna autorizzazione ai proprietari di edifici, ai quali dovr\u00e0 essere unicamente garantito l&#8217;accesso alla propria abitazione\/propriet\u00e0\u201d. L\u2019unico caso individuato da Zunino come motivo di negazione della concessione \u00e8 quando il dehors pu\u00f2 causare \u201cintralcio alla viabilit\u00e0 di emergenza e alle attivit\u00e0 economiche gi\u00e0 esistenti ed operanti in quel tratto di strada\u201d.<\/p>\n<p>Ma non solo, il capogruppo cerca anche altre soluzioni aggiuntive per favorire i locali della cittadina. \u201cAccanto a questo \u2013 spiega &#8211; mi batter\u00f2 anche perch\u00e9 vengano <strong>traslati alcuni elementi di arredo urbano posti in spazi che ben si sarebbero prestati al posizionamento di bar e tavolini in questo periodo<\/strong>, \u00e8 il caso di rastrelliere per biciclette inspiegabilmente poste nel mezzo di una piazza, oppure i cestini gettacarta che in alcuni punti del paese potrebbero essere ricollocati almeno fino al termine delle misure emergenziali\u201d conclude.<\/p>\n","protected":false},"excerpt":{"rendered":"<p>La richiesta del capogruppo dopo diverse segnalazioni ricevute da ristoratori e baristi per la mancata concessione del suolo pubblico<\/p>\n","protected":false},"author":19447,"featured_media":0,"comment_status":"open","ping_status":"closed","sticky":false,"template":"","format":"standard","meta":{"footnotes":""},"categories":[45296,31],"tags":[82088,113785,82095],"class_list":["post-528743","post","type-post","status-publish","format-standard","hentry","category-copertina","category-politica","tag-ampliamento-dehors","tag-covid","tag-spotorno-nel-cuore","post_cat_citta-spotorno","post_tag_personaggi-giancarlo-zunino"],"amp_validity":null,"amp_enabled":true,"_links":{"self":[{"href":"https:\/\/staging.ivg.it\/ediapi\/wp\/v2\/posts\/528743","targetHints":{"allow":["GET"]}}],"collection":[{"href":"https:\/\/staging.ivg.it\/ediapi\/wp\/v2\/posts"}],"about":[{"href":"https:\/\/staging.ivg.it\/ediapi\/wp\/v2\/types\/post"}],"author":[{"embeddable":true,"href":"https:\/\/staging.ivg.it\/ediapi\/wp\/v2\/users\/19447"}],"replies":[{"embeddable":true,"href":"https:\/\/staging.ivg.it\/ediapi\/wp\/v2\/comments?post=528743"}],"version-history":[{"count":0,"href":"https:\/\/staging.ivg.it\/ediapi\/wp\/v2\/posts\/528743\/revisions"}],"wp:attachment":[{"href":"https:\/\/staging.ivg.it\/ediapi\/wp\/v2\/media?parent=528743"}],"wp:term":[{"taxonomy":"category","embeddable":true,"href":"https:\/\/staging.ivg.it\/ediapi\/wp\/v2\/categories?post=528743"},{"taxonomy":"post_tag","embeddable":true,"href":"https:\/\/staging.ivg.it\/ediapi\/wp\/v2\/tags?post=528743"}],"curies":[{"name":"wp","href":"https:\/\/api.w.org\/{rel}","templated":true}]}}